{"id":267973,"date":"2025-07-23T12:20:10","date_gmt":"2025-07-23T12:20:10","guid":{"rendered":"https:\/\/www.europesays.com\/fr\/267973\/"},"modified":"2025-07-23T12:20:10","modified_gmt":"2025-07-23T12:20:10","slug":"plusieurs-pays-de-lue-prets-a-externaliser-laccueil-de-migrants","status":"publish","type":"post","link":"https:\/\/www.europesays.com\/fr\/267973\/","title":{"rendered":"Plusieurs pays de l&rsquo;UE pr\u00eats \u00e0 externaliser l&rsquo;accueil de migrants"},"content":{"rendered":"<p>\n  Par&amp;nbsp<b>euronews<\/b>\n<\/p>\n<p>\n         Publi\u00e9 le<br \/>\n            23\/07\/2025 &#8211; 13:48 UTC+2\n            <\/p>\n<p>            <img decoding=\"async\" class=\"c-ad__placeholder__logo\" src=\"https:\/\/static.euronews.com\/website\/images\/logos\/logo-euronews-grey-6-180x22.svg\" width=\"180\" height=\"22\" alt=\"\" loading=\"lazy\"\/><br \/>\n            PUBLICIT\u00c9<\/p>\n<p>R\u00e9unis mardi \u00e0 Copenhague, les ministres de l&rsquo;int\u00e9rieur de l&rsquo;UE ont largement approuv\u00e9 deux r\u00e9centes propositions de la Commission europ\u00e9enne visant \u00e0 r\u00e9duire l&rsquo;immigration irr\u00e9guli\u00e8re.<\/p>\n<p>Ces propositions, qualifi\u00e9es de \u00ab\u00a0solutions innovantes\u00a0\u00bb par la Commission, impliquent l&rsquo;externalisation vers des pays tiers des demandeurs d&rsquo;asile et des migrants dont les demandes ont \u00e9t\u00e9 rejet\u00e9es.<\/p>\n<p>\u00ab\u00a0Nous devons trouver des solutions innovantes et conclure de nouveaux accords avec des pays ext\u00e9rieurs \u00e0 l&rsquo;Union europ\u00e9enne\u00a0\u00bb, a d\u00e9clar\u00e9 Kaare Dybvad Bek, ministre de l&rsquo;Immigration et de l&rsquo;Int\u00e9gration du Danemark, pays qui pr\u00e9side actuellement l&rsquo;UE. \u00ab\u00a0J&rsquo;ai eu de bonnes discussions avec mes coll\u00e8gues, beaucoup d&rsquo;opinions similaires autour de la table, et j&rsquo;esp\u00e8re que nous pourrons faire des progr\u00e8s dans les six mois \u00e0 venir.\u00a0\u00bb<\/p>\n<p><strong>L&rsquo;accord entre le Royaume-Uni et le Rwanda pris en exemple<\/strong><\/p>\n<p>En modifiant la d\u00e9finition europ\u00e9enne des \u00ab\u00a0pays tiers s\u00fbrs\u00a0\u00bb, les \u00c9tats membres seraient autoris\u00e9s \u00e0 rejeter les demandes d&rsquo;asile sans examen et \u00e0 transf\u00e9rer les demandeurs \u00e0 l&rsquo;\u00e9tranger, m\u00eame si le migrant n&rsquo;a aucun lien avec l&rsquo;endroit en question.<\/p>\n<p>Un \u00ab\u00a0pays tiers s\u00fbr\u00a0\u00bb est un pays non membre de l&rsquo;UE o\u00f9 une personne demandant une protection internationale est trait\u00e9e conform\u00e9ment aux \u00ab\u00a0normes internationales\u00a0\u00bb. Les garanties comprennent la protection des demandeurs d&rsquo;asile contre les pers\u00e9cutions et les atteintes graves, le respect du principe de non-refoulement et la possibilit\u00e9 d&rsquo;avoir acc\u00e8s \u00e0 un syst\u00e8me d&rsquo;asile op\u00e9rationnel.<\/p>\n<p>La proposition de la Commission n&rsquo;exige aucune forme de lien entre le pays tiers et le demandeur cens\u00e9 y \u00eatre transf\u00e9r\u00e9. Cette modification pourrait donc d\u00e9boucher sur un partenariat avec des pays non membres de l&rsquo;UE, \u00e0 l&rsquo;instar de la politique d&rsquo;expulsion du Royaume-Uni vers le Rwanda, jug\u00e9e ill\u00e9gale par la Cour supr\u00eame britannique.<\/p>\n<p>Selon le ministre danois de l&rsquo;Immigration, de nombreux pays se sont ralli\u00e9s \u00e0 l&rsquo;id\u00e9e, alors qu&rsquo;elle \u00e9tait auparavant consid\u00e9r\u00e9e comme controvers\u00e9e. <\/p>\n<p>\u00ab\u00a0Beaucoup d&rsquo;\u00c9tats membres ont chang\u00e9 de position dans ces domaines. Je me souviens que lorsque j&rsquo;\u00e9tais nouveau ministre au sein de ce Conseil il y a trois ans, il \u00e9tait un peu difficile, je pense, d&rsquo;essayer d&rsquo;introduire des solutions innovantes. [Aujourd&rsquo;hui, nous constatons que de nombreux pays ont chang\u00e9 de position, soit parce qu&rsquo;ils ont chang\u00e9 d&rsquo;avis, soit parce qu&rsquo;il y a un nouveau gouvernement\u00a0\u00bb, a d\u00e9clar\u00e9 Kaare Dybvad Bek.<\/p>\n<p>Alors que la plupart des pays semblent \u00eatre d&rsquo;accord avec la proposition, l&rsquo;opposition  des socialistes et d\u00e9mocrates et des Verts\/ALE au Parlement europ\u00e9en est pr\u00e9visible. <\/p>\n<p><strong>Les centres de retour gagnent du terrain<\/strong><\/p>\n<p>Les \u00c9tats membres seraient \u00e9galement autoris\u00e9s \u00e0 transf\u00e9rer les demandeurs d&rsquo;asile d\u00e9bout\u00e9s vers des \u00ab\u00a0centres de retour\u00a0\u00bb en dehors de l&rsquo;UE, tout en remplissant les formalit\u00e9s administratives n\u00e9cessaires pour les renvoyer dans leur pays d&rsquo;origine.<\/p>\n<p>La proposition de la Commission ne pr\u00e9voit pas de programme europ\u00e9en de construction de ces centres d&rsquo;expulsion, mais elle jette les bases juridiques n\u00e9cessaires pour permettre aux gouvernements de conclure des accords avec des pays ext\u00e9rieurs \u00e0 l&rsquo;Union qui pourraient \u00eatre dispos\u00e9s \u00e0 accueillir des migrants en \u00e9change d&rsquo;incitations financi\u00e8res.<\/p>\n<p>Deux centres construits en Albanie par le gouvernement italien, initialement destin\u00e9s \u00e0 accueillir des demandeurs d&rsquo;asile, ont \u00e9t\u00e9 transform\u00e9s en centres de retour et pourraient servir de mod\u00e8le.<\/p>\n<p>D&rsquo;autres pays pourraient faire de m\u00eame, comme l&rsquo;a sugg\u00e9r\u00e9 le ministre fran\u00e7ais de l&rsquo;Int\u00e9rieur, Bruno Retailleau. \u00ab\u00a0La France a des obstacles constitutionnels [sur certaines mesures], mais nous n&rsquo;en avons pas sur les centres de retour. Et je suis favorable \u00e0 tout ce qui peut rendre les retours plus efficaces\u00a0\u00bb.<\/p>\n<p>La migration est une priorit\u00e9 pour le Danemark, qui ferait probablement avancer les propositions de la Commission, en particulier le r\u00e8glement sur le retour : \u00ab\u00a0Nous esp\u00e9rons parvenir \u00e0 un accord g\u00e9n\u00e9ral sur la politique de retour au cours de notre pr\u00e9sidence\u00a0\u00bb, a d\u00e9clar\u00e9 le ministre danois.<\/p>\n<p>Le commissaire aux Affaires int\u00e9rieures et \u00e0 la Migration, Magnus Brunner, a estim\u00e9 que le Danemark \u00e9tait \u00ab\u00a0tr\u00e8s align\u00e9\u00a0\u00bb sur l&rsquo;agenda de la Commission pour les six prochains mois. Il a refus\u00e9 de fixer un objectif concret concernant le taux de retour effectif des migrants rejet\u00e9s par les pays de l&rsquo;UE, \u00e0 atteindre apr\u00e8s l&rsquo;approbation du r\u00e8glement sur le retour.<\/p>\n<p>De nombreux pays semblent approuver les propositions de la Commission. L&rsquo;Autriche, l&rsquo;Allemagne, la France, la R\u00e9publique tch\u00e8que et la Pologne ont r\u00e9cemment sign\u00e9 une d\u00e9claration commune visant \u00e0 am\u00e9liorer le retour des migrants, \u00e0 renforcer les fronti\u00e8res ext\u00e9rieures et \u00e0 \u00e9tablir des partenariats avec les pays tiers.<\/p>\n","protected":false},"excerpt":{"rendered":"Par&amp;nbspeuronews Publi\u00e9 le 23\/07\/2025 &#8211; 13:48 UTC+2 PUBLICIT\u00c9 R\u00e9unis mardi \u00e0 Copenhague, les ministres de l&rsquo;int\u00e9rieur de l&rsquo;UE&hellip;\n","protected":false},"author":2,"featured_media":267974,"comment_status":"","ping_status":"","sticky":false,"template":"","format":"standard","meta":{"footnotes":""},"categories":[1586],"tags":[11,2196,1777,674,1779,1011,27,1061,12,25,1778,364],"class_list":{"0":"post-267973","1":"post","2":"type-post","3":"status-publish","4":"format-standard","5":"has-post-thumbnail","7":"category-europe","8":"tag-actualites","9":"tag-commission-europeenne","10":"tag-eu","11":"tag-europe","12":"tag-european-union","13":"tag-fr","14":"tag-france","15":"tag-immigration","16":"tag-news","17":"tag-republique-francaise","18":"tag-ue","19":"tag-union-europeenne"},"share_on_mastodon":{"url":"https:\/\/pubeurope.com\/@fr\/114902520572787339","error":""},"_links":{"self":[{"href":"https:\/\/www.europesays.com\/fr\/wp-json\/wp\/v2\/posts\/267973","targetHints":{"allow":["GET"]}}],"collection":[{"href":"https:\/\/www.europesays.com\/fr\/wp-json\/wp\/v2\/posts"}],"about":[{"href":"https:\/\/www.europesays.com\/fr\/wp-json\/wp\/v2\/types\/post"}],"author":[{"embeddable":true,"href":"https:\/\/www.europesays.com\/fr\/wp-json\/wp\/v2\/users\/2"}],"replies":[{"embeddable":true,"href":"https:\/\/www.europesays.com\/fr\/wp-json\/wp\/v2\/comments?post=267973"}],"version-history":[{"count":0,"href":"https:\/\/www.europesays.com\/fr\/wp-json\/wp\/v2\/posts\/267973\/revisions"}],"wp:featuredmedia":[{"embeddable":true,"href":"https:\/\/www.europesays.com\/fr\/wp-json\/wp\/v2\/media\/267974"}],"wp:attachment":[{"href":"https:\/\/www.europesays.com\/fr\/wp-json\/wp\/v2\/media?parent=267973"}],"wp:term":[{"taxonomy":"category","embeddable":true,"href":"https:\/\/www.europesays.com\/fr\/wp-json\/wp\/v2\/categories?post=267973"},{"taxonomy":"post_tag","embeddable":true,"href":"https:\/\/www.europesays.com\/fr\/wp-json\/wp\/v2\/tags?post=267973"}],"curies":[{"name":"wp","href":"https:\/\/api.w.org\/{rel}","templated":true}]}}