{"id":26798,"date":"2025-04-15T15:04:08","date_gmt":"2025-04-15T15:04:08","guid":{"rendered":"https:\/\/www.europesays.com\/fr\/26798\/"},"modified":"2025-04-15T15:04:08","modified_gmt":"2025-04-15T15:04:08","slug":"ernest-nuamah-opere-ce-mardi-matin-a-lyon","status":"publish","type":"post","link":"https:\/\/www.europesays.com\/fr\/26798\/","title":{"rendered":"Ernest Nuamah op\u00e9r\u00e9 ce mardi matin \u00e0 Lyon"},"content":{"rendered":"<p>                            <img width=\"770\" height=\"433\" src=\"https:\/\/www.europesays.com\/fr\/wp-content\/uploads\/2025\/04\/IMG_2680-770x433.jpg\" class=\"attachment-article size-article wp-post-image\" alt=\"Ernest Nuamah (OL) en conf\u00e9rence de presse\" decoding=\"async\" fetchpriority=\"high\"  \/><\/p>\n<p>Ernest Nuamah (OL) en conf\u00e9rence de presse (cr\u00e9dit : David Hernandez)<\/p>\n<p>Touch\u00e9 par une rupture des ligaments crois\u00e9s, Ernest Nuamah a \u00e9t\u00e9 op\u00e9r\u00e9 ce mardi matin \u00e0 Lyon. Place d\u00e9sormais \u00e0 la r\u00e9\u00e9ducation.<\/p>\n<p>Tr\u00e8s renomm\u00e9 pour ce genre d&rsquo;interventions, le docteur Bertrand <strong>Sonnery-Cottet<\/strong> est souvent sollicit\u00e9 pour op\u00e9rer les sportifs victimes d&rsquo;une rupture des ligaments crois\u00e9s. Malheureusement pour lui et l&rsquo;Olympique lyonnais, l&rsquo;un de ses joueurs a d\u00fb s&rsquo;en remettre \u00e0 ses mains expertes. Mardi matin, Ernest <strong>Nuamah <\/strong>est pass\u00e9 sur la table d&rsquo;op\u00e9ration, ainsi que le r\u00e9v\u00e8le l&rsquo;AFP.<\/p>\n<p>Le Ghan\u00e9en est \u00e0 l&rsquo;infirmerie pour le reste de la saison suite \u00e0 <a href=\"https:\/\/www.olympique-et-lyonnais.com\/ol-fin-de-saison-pour-nuamah-victime-dune-rupture-des-ligaments-croises,358135.html\" rel=\"nofollow noopener\" target=\"_blank\">sa grave blessure<\/a> au genou gauche survenue au cours du choc contre Lille (2-1). Il avait quitt\u00e9 ses partenaires apr\u00e8s moins de dix minutes de jeu, remplac\u00e9 par Rayan <strong>Cherki<\/strong>. Les <a href=\"https:\/\/www.olympique-et-lyonnais.com\/les-joueurs-de-lol-au-soutien-dernest-nuamah,358188.html\" rel=\"nofollow noopener\" target=\"_blank\">messages de soutien<\/a> ont alors afflu\u00e9 venant de ses co\u00e9quipiers. Lors de la partie suivante, face \u00e0 Manchester United (2-2), ces derniers lui ont rendu hommage. Apr\u00e8s le but Thiago <strong>Almada,<\/strong> ils ont fi\u00e8rement mis en avant son maillot.<\/p>\n<p>En r\u00e9\u00e9ducation dans l&rsquo;Ain<\/p>\n<p>Suite \u00e0 cette intervention \u00e0 l&rsquo;h\u00f4pital priv\u00e9 Jean-Mermoz, \u00e0 Lyon, Nuamah va d\u00e9sormais s&rsquo;atteler au plus loin. Il a devant lui plusieurs mois de r\u00e9\u00e9ducation. Un travail qu&rsquo;il effectuera \u00e0 Hauteville-Lompnes, dans l&rsquo;Ain, d\u00e8s mercredi. S&rsquo;y dresse un centre de convalescence dans lequel on retrouve une salle de musculation, des espaces de kin\u00e9sith\u00e9rapie et d\u2019ergoth\u00e9rapie, des bassins, ainsi qu&rsquo;un parcours ext\u00e9rieur de marche.<\/p>\n<p>Durant cet exercice 2024-2025, le footballeur de 21 ans a compil\u00e9 six buts et deux passes d\u00e9cisives. Pas toujours en r\u00e9ussite, il donnait surtout l&rsquo;impression de monter en puissance avant de se blesser. De quoi donner <a href=\"https:\/\/www.olympique-et-lyonnais.com\/la-blessure-de-nuamah-un-casse-tete-sportif-et-financier-pour-lol,358270.html\" rel=\"nofollow noopener\" target=\"_blank\">des regrets \u00e0 l&rsquo;OL<\/a>, qui devra faire sans lui pour accomplir ses objectifs en Ligue 1 et en Ligue Europa. <\/p>\n","protected":false},"excerpt":{"rendered":"Ernest Nuamah (OL) en conf\u00e9rence de presse (cr\u00e9dit : David Hernandez) Touch\u00e9 par une rupture des ligaments crois\u00e9s,&hellip;\n","protected":false},"author":2,"featured_media":26799,"comment_status":"","ping_status":"","sticky":false,"template":"","format":"standard","meta":{"footnotes":""},"categories":[1889],"tags":[1111,11,2430,1777,674,1011,27,2428,12,4591,241,25],"class_list":{"0":"post-26798","1":"post","2":"type-post","3":"status-publish","4":"format-standard","5":"has-post-thumbnail","7":"category-lyon","8":"tag-actu","9":"tag-actualites","10":"tag-auvergne-rhone-alpes","11":"tag-eu","12":"tag-europe","13":"tag-fr","14":"tag-france","15":"tag-lyon","16":"tag-news","17":"tag-nuamah","18":"tag-ol","19":"tag-republique-francaise"},"share_on_mastodon":{"url":"https:\/\/pubeurope.com\/@fr\/114342597068935572","error":""},"_links":{"self":[{"href":"https:\/\/www.europesays.com\/fr\/wp-json\/wp\/v2\/posts\/26798","targetHints":{"allow":["GET"]}}],"collection":[{"href":"https:\/\/www.europesays.com\/fr\/wp-json\/wp\/v2\/posts"}],"about":[{"href":"https:\/\/www.europesays.com\/fr\/wp-json\/wp\/v2\/types\/post"}],"author":[{"embeddable":true,"href":"https:\/\/www.europesays.com\/fr\/wp-json\/wp\/v2\/users\/2"}],"replies":[{"embeddable":true,"href":"https:\/\/www.europesays.com\/fr\/wp-json\/wp\/v2\/comments?post=26798"}],"version-history":[{"count":0,"href":"https:\/\/www.europesays.com\/fr\/wp-json\/wp\/v2\/posts\/26798\/revisions"}],"wp:featuredmedia":[{"embeddable":true,"href":"https:\/\/www.europesays.com\/fr\/wp-json\/wp\/v2\/media\/26799"}],"wp:attachment":[{"href":"https:\/\/www.europesays.com\/fr\/wp-json\/wp\/v2\/media?parent=26798"}],"wp:term":[{"taxonomy":"category","embeddable":true,"href":"https:\/\/www.europesays.com\/fr\/wp-json\/wp\/v2\/categories?post=26798"},{"taxonomy":"post_tag","embeddable":true,"href":"https:\/\/www.europesays.com\/fr\/wp-json\/wp\/v2\/tags?post=26798"}],"curies":[{"name":"wp","href":"https:\/\/api.w.org\/{rel}","templated":true}]}}