{"id":267981,"date":"2025-07-23T12:26:13","date_gmt":"2025-07-23T12:26:13","guid":{"rendered":"https:\/\/www.europesays.com\/fr\/267981\/"},"modified":"2025-07-23T12:26:13","modified_gmt":"2025-07-23T12:26:13","slug":"le-club-va-soffrir-un-jeune-talent-russe-courtise-par-plusieurs-ecuries-de-top-14","status":"publish","type":"post","link":"https:\/\/www.europesays.com\/fr\/267981\/","title":{"rendered":"le club va s\u2019offrir un jeune talent russe, courtis\u00e9 par plusieurs \u00e9curies de Top 14"},"content":{"rendered":"<p>Le Stade Rochelais continue de se renforcer. Apr\u00e8s sa pire saison depuis des ann\u00e9es et une absence en phase finale, une premi\u00e8re depuis 2018, le club \u00e0 la caravelle a frapp\u00e9 fort sur le march\u00e9 des transferts pour inverser la tendance. Davit Ninashvili, Ugo Pacome ou Nolann Le Garrec viendront ainsi renforcer les rangs de Ronan O\u2019Gara.<\/p>\n<p>International U20 russe<\/p>\n<p>N\u00e9anmoins, les Maritimes pr\u00e9parent \u00e9galement l\u2019avenir. Selon les informations de <a href=\"https:\/\/www.rugbyrama.fr\/midi-olympique\/\" rel=\"nofollow noopener\" target=\"_blank\">Midi Olympique,<\/a> le Stade Rochelais aurait enregistr\u00e9 la signature de Kirill Fraindt. Ce jeune joueur de 21 ans \u00e9voluait en Afrique du Sud, du c\u00f4t\u00e9 de la SAS Rugby Acad\u00e9my. International russe des moins de 20 ans, il \u00e9tait dans le viseur de plusieurs \u00e9curies de Top 14.<\/p>\n<p>Fraindt a finalement choisi de poser ses valises au bord de l\u2019Atlantique. Capable d\u2019\u00e9voluer en troisi\u00e8me-ligne et en deuxi\u00e8me-ligne, il va dans un premier temps \u00e9voluer avec l\u2019\u00e9quipe espoirs, tout en esp\u00e9rant taper \u00e0 la porte des pros et se faire une place dans le paquet d\u2019avant rochelais.<\/p>\n<p>Partagez cette info avec vos amis et vos proches en cliquant ici<br \/>Pour r\u00e9sumer<\/p>\n<p>Selon les informations de Midi Olympique, le Stade Rochelais a enregistr\u00e9 l\u2019arriv\u00e9e d\u2019un jeune talent russe, capable d\u2019\u00e9voluer en troisi\u00e8me et en deuxi\u00e8me-ligne. Cet international U20 est la seule recrue du paquet d&rsquo;avant.<\/p>\n<p> <img decoding=\"async\" width=\"76\" height=\"76\" loading=\"lazy\" src=\"https:\/\/www.europesays.com\/fr\/wp-content\/uploads\/2025\/04\/avatar-quinze.png\" alt=\"Arnaud D\u00e9chelotte\"\/><\/p>\n","protected":false},"excerpt":{"rendered":"Le Stade Rochelais continue de se renforcer. Apr\u00e8s sa pire saison depuis des ann\u00e9es et une absence en&hellip;\n","protected":false},"author":2,"featured_media":267982,"comment_status":"","ping_status":"","sticky":false,"template":"","format":"standard","meta":{"footnotes":""},"categories":[1416],"tags":[1011,27,479,1468,60],"class_list":{"0":"post-267981","1":"post","2":"type-post","3":"status-publish","4":"format-standard","5":"has-post-thumbnail","7":"category-rugby","8":"tag-fr","9":"tag-france","10":"tag-rugby","11":"tag-rugby-football","12":"tag-sports"},"share_on_mastodon":{"url":"https:\/\/pubeurope.com\/@fr\/114902544159519385","error":""},"_links":{"self":[{"href":"https:\/\/www.europesays.com\/fr\/wp-json\/wp\/v2\/posts\/267981","targetHints":{"allow":["GET"]}}],"collection":[{"href":"https:\/\/www.europesays.com\/fr\/wp-json\/wp\/v2\/posts"}],"about":[{"href":"https:\/\/www.europesays.com\/fr\/wp-json\/wp\/v2\/types\/post"}],"author":[{"embeddable":true,"href":"https:\/\/www.europesays.com\/fr\/wp-json\/wp\/v2\/users\/2"}],"replies":[{"embeddable":true,"href":"https:\/\/www.europesays.com\/fr\/wp-json\/wp\/v2\/comments?post=267981"}],"version-history":[{"count":0,"href":"https:\/\/www.europesays.com\/fr\/wp-json\/wp\/v2\/posts\/267981\/revisions"}],"wp:featuredmedia":[{"embeddable":true,"href":"https:\/\/www.europesays.com\/fr\/wp-json\/wp\/v2\/media\/267982"}],"wp:attachment":[{"href":"https:\/\/www.europesays.com\/fr\/wp-json\/wp\/v2\/media?parent=267981"}],"wp:term":[{"taxonomy":"category","embeddable":true,"href":"https:\/\/www.europesays.com\/fr\/wp-json\/wp\/v2\/categories?post=267981"},{"taxonomy":"post_tag","embeddable":true,"href":"https:\/\/www.europesays.com\/fr\/wp-json\/wp\/v2\/tags?post=267981"}],"curies":[{"name":"wp","href":"https:\/\/api.w.org\/{rel}","templated":true}]}}