{"id":267983,"date":"2025-07-23T12:27:15","date_gmt":"2025-07-23T12:27:15","guid":{"rendered":"https:\/\/www.europesays.com\/fr\/267983\/"},"modified":"2025-07-23T12:27:15","modified_gmt":"2025-07-23T12:27:15","slug":"atp-washington-tiafoe-annonce-la-couleur-jai-limpression-davoir-desormais-une-chance-de-remporter-les-quatre-tournois-du-grand-chelem-et-cela-a-change-ma-facon-de-voir-les-choses","status":"publish","type":"post","link":"https:\/\/www.europesays.com\/fr\/267983\/","title":{"rendered":"ATP &#8211; Washington > Tiafoe annonce la couleur : \u00ab\u00a0J&rsquo;ai l&rsquo;impression d&rsquo;avoir d\u00e9sormais une chance de remporter les quatre tournois du Grand Chelem, et cela a chang\u00e9 ma fa\u00e7on de voir les choses\u00a0\u00bb"},"content":{"rendered":"<p>Quart de fina\u00adliste du dernier Roland\u2010Garros, Frances Tiafoe a fait passer un message fort \u00e0 la concur\u00adrence dans des propos relay\u00e9s par <a href=\"https:\/\/www.tennis.com\/news\/articles\/frances-tiafoe-2025-citi-dc-open-interview\" data-wpel-link=\"external\" target=\"_blank\" rel=\"nofollow external noopener\">Tennis.com<\/a> depuis Washington.\u00a0<\/p>\n<p><strong>\u00ab\u202fJ\u2019ai l\u2019im\u00adpres\u00adsion d\u2019avoir d\u00e9sor\u00admais une chance de remporter les quatre tour\u00adnois majeurs, et cela a chang\u00e9 ma fa\u00e7on de voir les choses. Cela m\u2019a fait comprendre que ce qui compte, ce n\u2019est pas ce que vous avez fait ou non aupa\u00adra\u00advant. Je pense que si vous \u00eates pr\u00eat \u00e0 vous lancer, que vous \u00eates dans le bon \u00e9tat d\u2019es\u00adprit, que vous \u00eates heureux et que vous avez suffi\u00adsam\u00adment de passion, vous pouvez accom\u00adplir n\u2019im\u00adporte\u00a0quoi.\u202f\u00bb<\/strong><\/p>\n<p class=\"post-published-date\" style=\"color: silver; font-size: 75%; text-align: left;\">Publi\u00e9 le mercredi 23 juillet 2025 \u00e0 11:29<\/p>\n","protected":false},"excerpt":{"rendered":"Quart de fina\u00adliste du dernier Roland\u2010Garros, Frances Tiafoe a fait passer un message fort \u00e0 la concur\u00adrence dans&hellip;\n","protected":false},"author":2,"featured_media":37324,"comment_status":"","ping_status":"","sticky":false,"template":"","format":"standard","meta":{"footnotes":""},"categories":[1415],"tags":[1011,27,60,1467],"class_list":{"0":"post-267983","1":"post","2":"type-post","3":"status-publish","4":"format-standard","5":"has-post-thumbnail","7":"category-tennis","8":"tag-fr","9":"tag-france","10":"tag-sports","11":"tag-tennis"},"share_on_mastodon":{"url":"https:\/\/pubeurope.com\/@fr\/114902548018640072","error":""},"_links":{"self":[{"href":"https:\/\/www.europesays.com\/fr\/wp-json\/wp\/v2\/posts\/267983","targetHints":{"allow":["GET"]}}],"collection":[{"href":"https:\/\/www.europesays.com\/fr\/wp-json\/wp\/v2\/posts"}],"about":[{"href":"https:\/\/www.europesays.com\/fr\/wp-json\/wp\/v2\/types\/post"}],"author":[{"embeddable":true,"href":"https:\/\/www.europesays.com\/fr\/wp-json\/wp\/v2\/users\/2"}],"replies":[{"embeddable":true,"href":"https:\/\/www.europesays.com\/fr\/wp-json\/wp\/v2\/comments?post=267983"}],"version-history":[{"count":0,"href":"https:\/\/www.europesays.com\/fr\/wp-json\/wp\/v2\/posts\/267983\/revisions"}],"wp:featuredmedia":[{"embeddable":true,"href":"https:\/\/www.europesays.com\/fr\/wp-json\/wp\/v2\/media\/37324"}],"wp:attachment":[{"href":"https:\/\/www.europesays.com\/fr\/wp-json\/wp\/v2\/media?parent=267983"}],"wp:term":[{"taxonomy":"category","embeddable":true,"href":"https:\/\/www.europesays.com\/fr\/wp-json\/wp\/v2\/categories?post=267983"},{"taxonomy":"post_tag","embeddable":true,"href":"https:\/\/www.europesays.com\/fr\/wp-json\/wp\/v2\/tags?post=267983"}],"curies":[{"name":"wp","href":"https:\/\/api.w.org\/{rel}","templated":true}]}}