{"id":267996,"date":"2025-07-23T12:35:17","date_gmt":"2025-07-23T12:35:17","guid":{"rendered":"https:\/\/www.europesays.com\/fr\/267996\/"},"modified":"2025-07-23T12:35:17","modified_gmt":"2025-07-23T12:35:17","slug":"cote-de-granit-rose-rencontrez-aurelie-valognes-et-bernard-werber-a-perros-guirec","status":"publish","type":"post","link":"https:\/\/www.europesays.com\/fr\/267996\/","title":{"rendered":"C\u00f4te de Granit rose. Rencontrez Aur\u00e9lie Valognes et Bernard Werber \u00e0 Perros-Guirec"},"content":{"rendered":"<p>            Par<br \/>\n        <strong><br \/>\n            <a href=\"https:\/\/actu.fr\/auteur\/journaliste-lt\" title=\"Consulter tous les articles de R\u00e9daction Lannion\" target=\"_blank\" rel=\"noopener\">R\u00e9daction Lannion<\/a><br \/>\n        <\/strong><\/p>\n<p>        Publi\u00e9 le<\/p>\n<p>            23 juil. 2025 \u00e0 12h15        <\/p>\n<p>C\u2019est devenu un rendez-vous estival habituel \u00e0<b> Perros-Guirec. L\u2019arriv\u00e9e du Camion qui livre <\/b>venant \u00e0 la rencontre des libraires locaux.<\/p>\n<p>Plage de Trestraou<\/p>\n<p class=\" wall-content\">Entre Dieppe et Carnac, c\u2019est sur la Plage de Trestraou, du jeudi\u00a024 au samedi 26\u00a0juillet, que la librairie ambulante posera ses rayonnages.<\/p>\n<p class=\" wall-content\">L\u2019id\u00e9e expliqu\u00e9e par Le<b>\u00a0<a href=\"https:\/\/www.livredepoche.com\/actualite\/le-camion-qui-livre-revient-en-2025\/\" target=\"_blank\" rel=\"noopener\">Livre de Poche,<\/a> <\/b>l\u2019organisateur\u2009:<\/p>\n<blockquote class=\"ac-article-quote wall-content\">\n<p>\u00ab\u2009\u00c0 chaque \u00e9tape, un libraire ind\u00e9pendant \u00e9lit domicile dans notre camionnette rouge. Il s\u00e9lectionne les livres avec soin, pr\u00eate une oreille attentive aux lecteurs et prodigue des conseils pour tous les go\u00fbts\u2009: litt\u00e9rature, polar, imaginaire, jeunesse\u2026\u2009\u00bb.<\/p>\n<\/blockquote>\n<p>Avec Press Book<\/p>\n<p class=\" wall-content\">L\u2019occasion pour les lecteurs, habitants et estivants, de profiter des<b> <\/b>d\u00e9dicaces d\u2019auteurs, ateliers d\u2019\u00e9criture, rencontres \u00e0 l\u2019initiative des libraires partenaires, en l\u2019occurrence <a href=\"https:\/\/www.instagram.com\/press_book_perrosguirec\/\" target=\"_blank\" rel=\"noopener\"><b>Press Book<\/b><\/a>, dont la g\u00e9rante, Nathalie Guilliet, annonce les \u00e9crivains pr\u00e9sents\u2009: \u00ab\u2009Bernard Werber, Aur\u00e9lie Valognes, Eric Fouassier, Gilles Marchand et Camille De Peretti\u2009\u00bb.<\/p>\n<p>Vid\u00e9os : en ce moment sur ActuProgramme<\/p>\n<p class=\" wall-content\"><b>Jeudi 24\u00a0juillet<\/b><b>\u00a0<\/b>15\u2009h-18\u2009h\u2009: d\u00e9dicaces de Bernard Werber.<\/p>\n<p class=\" wall-content\"><b>Vendredi 25\u00a0juillet<\/b> 15\u2009h \u2013 18\u2009h\u2009: d\u00e9dicaces d\u2019Eric Fouassier. 15\u2009h \u2013 16\u2009h\u200930\u2009: d\u00e9dicaces de Bernard Werber.17\u2009h\u2009: masterclass de Bernard Werber \u2013 Grand h\u00f4tel (nombre de places limit\u00e9).<\/p>\n<p class=\" wall-content\"><b>Samedi 26\u00a0juillet<\/b> 11\u2009h-13\u2009h et 15\u2009h-18\u2009h\u2009: d\u00e9dicaces d\u2019Eric Fouassier, Gilles Marchand et Camille De Peretti. 15\u2009h-18\u2009h\u2009: d\u00e9dicaces Aur\u00e9lie Valognes.<\/p>\n<p>R\u00e9servation master Bernard Werber sur<a href=\"https:\/\/www.eventbrite.com\/e\/billets-masterclass-de-bernard-werber-a-perros-guirec-1490430500749?aff=ebdssbdestsearch&amp;keep_tld=1\" target=\"_blank\" rel=\"noopener\"> www.eventbrite.com<\/a><\/p>\n<p class=\" wall-content\">Suivez toute l\u2019actualit\u00e9 de vos villes et m\u00e9dias favoris en vous inscrivant \u00e0 <a href=\"https:\/\/moncompte.actu.fr\" title=\"D\u00e9couvez Mon Actu\" rel=\"nofollow noopener\" data-trk=\"{&quot;cta&quot;:{&quot;action&quot;:&quot;https:\\\/\\\/moncompte.actu.fr&quot;,&quot;category&quot;:&quot;mon compte&quot;,&quot;from&quot;:&quot;article footer&quot;,&quot;name&quot;:&quot;Mon actu&quot;,&quot;type&quot;:&quot;cta&quot;}}\" target=\"_blank\">Mon Actu<\/a>.<\/p>\n<p>                    <script async src=\"\/\/www.instagram.com\/embed.js\"><\/script><\/p>\n","protected":false},"excerpt":{"rendered":"Par R\u00e9daction Lannion Publi\u00e9 le 23 juil. 2025 \u00e0 12h15 C\u2019est devenu un rendez-vous estival habituel \u00e0 Perros-Guirec.&hellip;\n","protected":false},"author":2,"featured_media":267997,"comment_status":"","ping_status":"","sticky":false,"template":"","format":"standard","meta":{"footnotes":""},"categories":[1357],"tags":[1379,40738,58,59,1011,27,1380,8302,104],"class_list":{"0":"post-267996","1":"post","2":"type-post","3":"status-publish","4":"format-standard","5":"has-post-thumbnail","7":"category-livres","8":"tag-books","9":"tag-cote-de-granit-rose","10":"tag-divertissement","11":"tag-entertainment","12":"tag-fr","13":"tag-france","14":"tag-livres","15":"tag-plages","16":"tag-societe"},"share_on_mastodon":{"url":"https:\/\/pubeurope.com\/@fr\/114902579539137504","error":""},"_links":{"self":[{"href":"https:\/\/www.europesays.com\/fr\/wp-json\/wp\/v2\/posts\/267996","targetHints":{"allow":["GET"]}}],"collection":[{"href":"https:\/\/www.europesays.com\/fr\/wp-json\/wp\/v2\/posts"}],"about":[{"href":"https:\/\/www.europesays.com\/fr\/wp-json\/wp\/v2\/types\/post"}],"author":[{"embeddable":true,"href":"https:\/\/www.europesays.com\/fr\/wp-json\/wp\/v2\/users\/2"}],"replies":[{"embeddable":true,"href":"https:\/\/www.europesays.com\/fr\/wp-json\/wp\/v2\/comments?post=267996"}],"version-history":[{"count":0,"href":"https:\/\/www.europesays.com\/fr\/wp-json\/wp\/v2\/posts\/267996\/revisions"}],"wp:featuredmedia":[{"embeddable":true,"href":"https:\/\/www.europesays.com\/fr\/wp-json\/wp\/v2\/media\/267997"}],"wp:attachment":[{"href":"https:\/\/www.europesays.com\/fr\/wp-json\/wp\/v2\/media?parent=267996"}],"wp:term":[{"taxonomy":"category","embeddable":true,"href":"https:\/\/www.europesays.com\/fr\/wp-json\/wp\/v2\/categories?post=267996"},{"taxonomy":"post_tag","embeddable":true,"href":"https:\/\/www.europesays.com\/fr\/wp-json\/wp\/v2\/tags?post=267996"}],"curies":[{"name":"wp","href":"https:\/\/api.w.org\/{rel}","templated":true}]}}