{"id":268006,"date":"2025-07-23T12:41:09","date_gmt":"2025-07-23T12:41:09","guid":{"rendered":"https:\/\/www.europesays.com\/fr\/268006\/"},"modified":"2025-07-23T12:41:09","modified_gmt":"2025-07-23T12:41:09","slug":"jean-luc-reichmann-declare-mort-sur-la-route-apres-un-accident-de-moto","status":"publish","type":"post","link":"https:\/\/www.europesays.com\/fr\/268006\/","title":{"rendered":"Jean-Luc Reichmann \u00ab\u00a0d\u00e9clar\u00e9 mort sur la route\u00a0\u00bb apr\u00e8s un accident de moto"},"content":{"rendered":"<p>M\u00eame s\u2019il a failli y <strong>perdre la vie,<\/strong> cela ne l\u2019a pas traumatis\u00e9 pour autant, bien au contraire. Alors qu\u2019il \u00e9tait toujours immobilis\u00e9, <a href=\"https:\/\/www.public.fr\/tag\/jean-luc-reichmann\" target=\"_blank\" rel=\"noopener\">Jean-Luc Reichmann<\/a> commandait pourtant une nouvelle moto, quelques mois apr\u00e8s avoir envoy\u00e9 <strong>celle qui a failli lui co\u00fbter la vie \u00e0 la casse.\u00a0<\/strong><\/p>\n<p>En effet, en 1984, <a href=\"https:\/\/vsd.fr\/tag\/jean-luc-reichmann\/\" target=\"_blank\" rel=\"noopener\">l\u2019animateur embl\u00e9matique de TF1<\/a> a failli mourir suite \u00e0 un accident de moto comme il l\u2019a d\u00e9j\u00e0 r\u00e9v\u00e9l\u00e9 \u00e0 de nombreuses reprises. Un difficile souvenir sur lequel il a accept\u00e9 de revenir au micro d\u2019Anissa Haddadi dans <strong>Le Club de l\u2019\u00e9t\u00e9<\/strong> sur Europe 1, ce mardi 22 juillet 2025.<\/p>\n<p>\u00c2g\u00e9 de 24 ans, Jean-Luc Reichmann a vu sa vie d\u00e9filer devant ses yeux. \u00ab\u00a0<strong>On m&rsquo;a d\u00e9clar\u00e9 mort <\/strong>sur la route. <strong>J&rsquo;ai entendu les gendarmes dire\u00a0&lsquo;il est mort&rsquo;.<\/strong>\u00a0Et apr\u00e8s je suis reparti dans le coma pendant pas mal de temps\u00a0\u00bb, se souvenait en effet l\u2019animateur dans le podcast InPower de Louise Aubery.<\/p>\n<p>Jean-Luc Reichmann victime d&rsquo;un accident de moto \u00e0 l&rsquo;\u00e2ge de 24 ans<\/p>\n<p>Ce mardi 22 juillet, <a href=\"https:\/\/www.public.fr\/il-y-a-un-traitre-jean-luc-reichmann-part-en-guerre-contre-ses-equipes-apres-la-fuite-de-lelimination-demilien\" target=\"_blank\" rel=\"noopener\">le pr\u00e9sentateur des <strong>12 coups de midi<\/strong><\/a> a r\u00e9it\u00e9r\u00e9 ses propos. \u00ab\u00a0Elle a failli vous tuer, cette moto, en 84, quand m\u00eame\u00a0\u00bb, a d\u2019abord rappel\u00e9 Anissa Haddadi, avant que son invit\u00e9 ne confirme : \u00ab\u00a0<strong>Oui, j&rsquo;ai juste \u00e9t\u00e9 d\u00e9clar\u00e9 mort sur la route<\/strong>. Quel est le probl\u00e8me ? Vous avez totalement raison, on vous a bien inform\u00e9e\u00a0\u00bb.<\/p>\n<p>Le fait d\u2019avoir touch\u00e9 la mort du doigt a permis \u00e0 Jean-Luc Reichmann d\u2019avoir une nouvelle vision de la vie. \u00ab\u00a0Mais en m\u00eame temps, ce qui ne tue pas rend plus fort et je me suis toujours dit que cette vie \u00e9tait \u00e9ph\u00e9m\u00e8re et que tout pouvait s&rsquo;arr\u00eater. Nos m\u00e9tiers, c&rsquo;est la m\u00eame chose\u00a0\u00bb, explique-t-il au micro d\u2019Europe 1.\u00a0<\/p>\n<p>Cette phrase d&rsquo;un gendarme qu&rsquo;il n&rsquo;oubliera jamais<\/p>\n<p>Jean-Luc Reichmann se souvient surtout, au sujet de cet accident, de la phrase prononc\u00e9e par l\u2019un des gendarmes avant de tomber dans le coma. \u00ab\u00a0\u00c7a m&rsquo;a endurci, mais j&rsquo;ai entendu, je vous promets que c&rsquo;est vrai hein, sur la route de Saint-Geni\u00e8s-Bellevue, <strong>le gendarme qui a dit\u00a0: \u2018Il est mort\u2019<\/strong>, en parlant de moi. Je suis encore conscient et apr\u00e8s, je tombe dans le coma\u00a0\u00bb, confie l\u2019animateur.\u00a0<\/p>\n<p>Cette \u00ab\u00a0exp\u00e9rience\u00a0\u00bb a permis \u00e0 l\u2019animateur de se rendre compte que la vie reste \u00e9ph\u00e9m\u00e8re et qu\u2019elle peut cesser \u00e0 tout moment. \u00ab\u00a0Il ne faut pas oublier que tout peut s&rsquo;arr\u00eater d&rsquo;un instant \u00e0 l&rsquo;autre et qu&rsquo;on a beaucoup de chance d&rsquo;\u00eatre l\u00e0, de vivre de nos passions, de nos envies\u00a0\u00bb, indique l\u2019animateur qui a a command\u00e9 une moto dans la foul\u00e9e, alors qu\u2019il se trouvait encore sur b\u00e9quilles.\u00a0<\/p>\n<p>      Mentionn\u00e9s dans cet article<\/p>\n<p>\u00c0 lire aussi<\/p>\n","protected":false},"excerpt":{"rendered":"M\u00eame s\u2019il a failli y perdre la vie, cela ne l\u2019a pas traumatis\u00e9 pour autant, bien au contraire.&hellip;\n","protected":false},"author":2,"featured_media":268007,"comment_status":"","ping_status":"","sticky":false,"template":"","format":"standard","meta":{"footnotes":""},"categories":[8],"tags":[119,58,59,1011,27,465,466,1457],"class_list":{"0":"post-268006","1":"post","2":"type-post","3":"status-publish","4":"format-standard","5":"has-post-thumbnail","7":"category-divertissement","8":"tag-accident","9":"tag-divertissement","10":"tag-entertainment","11":"tag-fr","12":"tag-france","13":"tag-jean-luc-reichmann","14":"tag-les-12-coups-de-midi","15":"tag-moto"},"share_on_mastodon":{"url":"https:\/\/pubeurope.com\/@fr\/114902603156557620","error":""},"_links":{"self":[{"href":"https:\/\/www.europesays.com\/fr\/wp-json\/wp\/v2\/posts\/268006","targetHints":{"allow":["GET"]}}],"collection":[{"href":"https:\/\/www.europesays.com\/fr\/wp-json\/wp\/v2\/posts"}],"about":[{"href":"https:\/\/www.europesays.com\/fr\/wp-json\/wp\/v2\/types\/post"}],"author":[{"embeddable":true,"href":"https:\/\/www.europesays.com\/fr\/wp-json\/wp\/v2\/users\/2"}],"replies":[{"embeddable":true,"href":"https:\/\/www.europesays.com\/fr\/wp-json\/wp\/v2\/comments?post=268006"}],"version-history":[{"count":0,"href":"https:\/\/www.europesays.com\/fr\/wp-json\/wp\/v2\/posts\/268006\/revisions"}],"wp:featuredmedia":[{"embeddable":true,"href":"https:\/\/www.europesays.com\/fr\/wp-json\/wp\/v2\/media\/268007"}],"wp:attachment":[{"href":"https:\/\/www.europesays.com\/fr\/wp-json\/wp\/v2\/media?parent=268006"}],"wp:term":[{"taxonomy":"category","embeddable":true,"href":"https:\/\/www.europesays.com\/fr\/wp-json\/wp\/v2\/categories?post=268006"},{"taxonomy":"post_tag","embeddable":true,"href":"https:\/\/www.europesays.com\/fr\/wp-json\/wp\/v2\/tags?post=268006"}],"curies":[{"name":"wp","href":"https:\/\/api.w.org\/{rel}","templated":true}]}}