{"id":268008,"date":"2025-07-23T12:42:10","date_gmt":"2025-07-23T12:42:10","guid":{"rendered":"https:\/\/www.europesays.com\/fr\/268008\/"},"modified":"2025-07-23T12:42:10","modified_gmt":"2025-07-23T12:42:10","slug":"windows-11-24h2-toujours-plus-dia-ecran-noir-de-la-mort-tout-ce-qui-change-avec-la-nouvelle-mise-a-jour","status":"publish","type":"post","link":"https:\/\/www.europesays.com\/fr\/268008\/","title":{"rendered":"Windows 11 24H2\u00a0: toujours plus d&rsquo;IA, \u00e9cran noir de la mort\u2026 Tout ce qui change avec la nouvelle mise \u00e0 jour"},"content":{"rendered":"<p>En bref<\/p>\n<ul class=\"ed__lists ed__bdy__l\">\n<li>Microsoft d\u00e9ploie une nouvelle mise \u00e0 jour pour Windows 11 24H2, la version KB5062660<\/li>\n<li>De nouvelles fonctionnalit\u00e9s IA sont ajout\u00e9es, dont la tr\u00e8s controvers\u00e9e Recall en Europe<\/li>\n<li>L\u2019\u00e9cran bleu de la mort (BSOD) dispara\u00eet au profit d\u2019un \u00e9cran noir en cas de plantage syst\u00e8me<\/li>\n<\/ul>\n<p class=\"ed__a-p ed__bdy__l\">Apr\u00e8s avoir <a href=\"https:\/\/www.lesnumeriques.com\/appli-logiciel\/windows-11-installez-la-mise-a-jour-de-juillet-2025-plusieurs-failles-critiques-sont-corrigees-n239569.html\" title=\"Windows 11 : installez la mise \u00e0 jour de juillet 2025, plusieurs failles critiques sont corrig\u00e9es\" rel=\"nofollow noopener\" target=\"_blank\">corrig\u00e9 une flop\u00e9e de failles de s\u00e9curit\u00e9<\/a> et commenc\u00e9 le d\u00e9ploiement d\u2019un <a href=\"https:\/\/www.lesnumeriques.com\/appli-logiciel\/windows-11-l-outil-de-migration-de-microsoft-decoit-en-oubliant-plusieurs-fichiers-et-modeles-de-pc-n240140.html\" title=\"Windows\u00a011\u00a0: l\u2019outil de migration de Microsoft d\u00e9\u00e7oit en oubliant plusieurs fichiers et mod\u00e8les de PC\" rel=\"nofollow noopener\" target=\"_blank\">nouvel outil de migration<\/a>, Microsoft est de retour avec une nouvelle mise \u00e0 jour de Windows 11 24H2. La version KB5062660 est en effet disponible avec plusieurs nouveaut\u00e9s, principalement du c\u00f4t\u00e9 de l\u2019intelligence artificielle.<\/p>\n<p>Les nouveaut\u00e9s de Windows 11 24H2 avec la mise \u00e0 jour de juillet 2025<\/p>\n<p class=\"ed__a-p ed__bdy__l\">La grosse nouveaut\u00e9 de cette version de Windows 11 24H2 est l\u2019arriv\u00e9e de Retrouver en Europe. Pour rappel, il s\u2019agit de la fonctionnalit\u00e9 IA controvers\u00e9e de Microsoft, connue plus commun\u00e9ment sous le nom de <a href=\"https:\/\/www.lesnumeriques.com\/appli-logiciel\/un-cauchemar-pour-la-vie-privee-windows-11-ressuscite-recall-malgre-les-polemiques-n235480.html\" title=\"\u201cUn cauchemar pour la vie priv\u00e9e\u201d\u00a0: Windows\u00a011 ressuscite Recall malgr\u00e9 les pol\u00e9miques\" rel=\"nofollow noopener\" target=\"_blank\">Recall<\/a>, qui capture tout ce qu&rsquo;il se passe \u00e0 l\u2019\u00e9cran afin de permettre \u00e0 l&rsquo;utilisateur de retrouver n\u2019importe quelle information \u00e0 un instant\u00a0T.<\/p>\n<p class=\"ed__a-p ed__bdy__l\">Cliquer pour faire b\u00e9n\u00e9ficie de nouvelles actions bas\u00e9es sur l\u2019IA, accessibles via un simple clic-droit\u00a0:<\/p>\n<ul class=\"ed__lists ed__bdy__l\">\n<li>Un coach de lecture pour am\u00e9liorer la fluidit\u00e9 et la prononciation (Reading Coach)<\/li>\n<li>La lecture immersive et sans distractions (Immersive Reader)<\/li>\n<li>La r\u00e9daction rapide de brouillons dans Word gr\u00e2ce \u00e0 Copilot<\/li>\n<li>La prise en charge d\u2019actions via Microsoft Teams \u2014\u00a0comme envoyer un message ou planifier une r\u00e9union\u00a0\u2014 sur les PC Copilot+<\/li>\n<\/ul>\n<p class=\"ed__a-p ed__bdy__l\">Les param\u00e8tres de <a href=\"https:\/\/www.lesnumeriques.com\/informatique\/windows-11-24h2-la-mise-a-jour-s-installe-desormais-toute-seule-meme-si-vous-n-en-voulez-pas-n236443.html\" title=\"Windows\u00a011 24H2\u00a0: la mise \u00e0 jour s\u2019installe d\u00e9sormais toute seule, m\u00eame si vous n&#039;en voulez pas\" rel=\"nofollow noopener\" target=\"_blank\">Windows 11 24H2<\/a> \u00e9voluent ensuite gr\u00e2ce \u00e0 la mise \u00e0 jour KB5062660, mais uniquement pour les PC Copilot+. Microsoft apporte ainsi de l\u2019IA g\u00e9n\u00e9rative pour permettre aux utilisateurs de demander de l\u2019aide pour modifier ou trouver certains r\u00e9glages. Par exemple\u00a0: \u201ccomment contr\u00f4ler mon PC par la voix\u201d ou encore \u201cle pointeur de ma souris est trop petit\u201d.<\/p>\n<p class=\"ed__a-p ed__bdy__l\">On apprend ensuite que l\u2019\u00e9cran bleu de la mort (BSOD) dispara\u00eet, <a href=\"https:\/\/www.lesnumeriques.com\/informatique\/windows-11-microsoft-enterre-l-ecran-bleu-de-la-mort-40-ans-apres-sa-creation-n238793.html\" title=\"Windows 11 : Microsoft enterre \u201cl&#039;\u00e9cran bleu de la mort\u201d, 40 ans apr\u00e8s sa cr\u00e9ation\" rel=\"nofollow noopener\" target=\"_blank\">remplac\u00e9 par un \u00e9cran noir<\/a> lors des crashs syst\u00e8me. De multiples am\u00e9liorations et correctifs sont aussi de la partie, tels le r\u00e9agencement des fen\u00eatres, le gestionnaire de fichiers, l\u2019interface manette\/clavier ou encore les notifications.<\/p>\n<p class=\"ed__a-p ed__bdy__l\">Microsoft pr\u00e9cise de son c\u00f4t\u00e9 que toutes ces nouveaut\u00e9s de la version KB5062660 de Windows 11 24H2 seront d\u00e9ploy\u00e9es graduellement aupr\u00e8s des utilisateurs. Il faudra peut-\u00eatre patienter quelques jours pour qu\u2019elles apparaissent sur votre PC.<\/p>\n<p class=\"ed__a-p ed__bdy__l\">Pour effectuer la mise \u00e0 jour, rendez-vous dans <strong>Param\u00e8tres &gt;  Mise \u00e0 jour et s\u00e9curit\u00e9 &gt; Rechercher des mises \u00e0 jour &gt; T\u00e9l\u00e9charger et installer<\/strong>.<\/p>\n","protected":false},"excerpt":{"rendered":"En bref Microsoft d\u00e9ploie une nouvelle mise \u00e0 jour pour Windows 11 24H2, la version KB5062660 De nouvelles&hellip;\n","protected":false},"author":2,"featured_media":268009,"comment_status":"","ping_status":"","sticky":false,"template":"","format":"standard","meta":{"footnotes":""},"categories":[7],"tags":[1011,27,43,40,41,39,42,44],"class_list":{"0":"post-268008","1":"post","2":"type-post","3":"status-publish","4":"format-standard","5":"has-post-thumbnail","7":"category-sciences-et-technologies","8":"tag-fr","9":"tag-france","10":"tag-science","11":"tag-science-and-technology","12":"tag-sciences","13":"tag-sciences-et-technologies","14":"tag-technologies","15":"tag-technology"},"share_on_mastodon":{"url":"https:\/\/pubeurope.com\/@fr\/114902607047868604","error":""},"_links":{"self":[{"href":"https:\/\/www.europesays.com\/fr\/wp-json\/wp\/v2\/posts\/268008","targetHints":{"allow":["GET"]}}],"collection":[{"href":"https:\/\/www.europesays.com\/fr\/wp-json\/wp\/v2\/posts"}],"about":[{"href":"https:\/\/www.europesays.com\/fr\/wp-json\/wp\/v2\/types\/post"}],"author":[{"embeddable":true,"href":"https:\/\/www.europesays.com\/fr\/wp-json\/wp\/v2\/users\/2"}],"replies":[{"embeddable":true,"href":"https:\/\/www.europesays.com\/fr\/wp-json\/wp\/v2\/comments?post=268008"}],"version-history":[{"count":0,"href":"https:\/\/www.europesays.com\/fr\/wp-json\/wp\/v2\/posts\/268008\/revisions"}],"wp:featuredmedia":[{"embeddable":true,"href":"https:\/\/www.europesays.com\/fr\/wp-json\/wp\/v2\/media\/268009"}],"wp:attachment":[{"href":"https:\/\/www.europesays.com\/fr\/wp-json\/wp\/v2\/media?parent=268008"}],"wp:term":[{"taxonomy":"category","embeddable":true,"href":"https:\/\/www.europesays.com\/fr\/wp-json\/wp\/v2\/categories?post=268008"},{"taxonomy":"post_tag","embeddable":true,"href":"https:\/\/www.europesays.com\/fr\/wp-json\/wp\/v2\/tags?post=268008"}],"curies":[{"name":"wp","href":"https:\/\/api.w.org\/{rel}","templated":true}]}}