{"id":268016,"date":"2025-07-23T12:46:11","date_gmt":"2025-07-23T12:46:11","guid":{"rendered":"https:\/\/www.europesays.com\/fr\/268016\/"},"modified":"2025-07-23T12:46:11","modified_gmt":"2025-07-23T12:46:11","slug":"a-marseille-5-plages-du-littoral-sud-fermees-ce-mercredi-a-cause-de-la-pollution-de-leau","status":"publish","type":"post","link":"https:\/\/www.europesays.com\/fr\/268016\/","title":{"rendered":"\u00c0 Marseille, 5 plages du littoral sud ferm\u00e9es ce mercredi \u00e0 cause de la pollution de l&rsquo;eau"},"content":{"rendered":"<p>La s\u00e9rie \u00ab\u00a0violette\u00a0\u00bb, de la couleur des drapeaux qui indiquent que l\u2019eau de baignade d\u2019une plage est trop pollu\u00e9e pour y nager, continue sur les bandes de sable du littoral sud. Ce mercredi, la <a href=\"https:\/\/www.laprovence.com\/article\/region\/1190812411654214\/fermeture-des-plages-apres-lorage-a-marseille-ca-impacte-notre-moral-et-notre-chiffre-daffaires\" target=\"_blank\" rel=\"noopener\">baignade est toujours interdite<\/a> sur cinq des vingt et une plages surveill\u00e9es de Marseille\u00a0: celles de Bor\u00e9ly et de l\u2019Huveaune, ferm\u00e9es depuis lundi, mais \u00e9galement celle du Prado qui \u00e9tait encore ouverte mardi, du grand et du petit Roucas.<\/p>\n<p>L\u2019optimisme de <a href=\"https:\/\/www.laprovence.com\/article\/region\/1747206266910715\/apres-lorage-a-marseille-la-baignade-en-eau-polluee-peut-provoquer-des-infections\" target=\"_blank\" rel=\"noopener\">Christine Juste<\/a>, l\u2019adjointe au maire (EELV) \u00e0 l\u2019environnement et \u00e0 la propret\u00e9 qui pr\u00e9voyait une r\u00e9ouverture aujourd\u2019hui, n\u2019aura pas suffi pour hisser les pavillons de verts sur ces plages qui accueillent chaque jour des milliers de personnes. \u00ab\u00a0D\u00e9cid\u00e9ment, la m\u00e9t\u00e9o est contre nous. Ni les courants, ni le vent ne sont en notre faveur puisque les deux effets conjugu\u00e9s continuent de rabattre des d\u00e9chets et des vagues d\u2019eau pollu\u00e9es de toute la c\u00f4te sur notre littoral\u00a0\u00bb, reconna\u00eet l\u2019\u00e9lue \u00e9cologiste.<\/p>\n<p>Une r\u00e9ouverture ce jeudi peu probable<\/p>\n<p>Trois jours apr\u00e8s l\u2019orage survenu dans la nuit de dimanche \u00e0 lundi, les <a href=\"https:\/\/www.laprovence.com\/article\/region\/2637892299551715\/a-marseille-comment-des-experts-traquent-la-qualite-des-eaux-de-nos-plages\" target=\"_blank\" rel=\"noopener\">niveaux de bact\u00e9rie E. coli et d\u2019ent\u00e9rocoques<\/a>, que l\u2019on retrouve dans les mati\u00e8res f\u00e9cales, sont toujours trop \u00e9lev\u00e9s. Et les pr\u00e9visions ne sont cette fois pas bonnes pour la journ\u00e9e de jeudi. \u00ab\u00a0Malheureusement, on peut difficilement envisager une r\u00e9ouverture de ces plages demain\u00a0\u00bb, conc\u00e8de Christine Juste. En plein \u00e9t\u00e9, m\u00eame si le vent rafra\u00eechit un peu l\u2019atmosph\u00e8re, les fortes temp\u00e9ratures rendent cette situation \u00ab\u00a0difficilement vivable pour les Marseillais\u00a0\u00bb, regrette l\u2019\u00e9lue. \u00ab\u00a0Ces plages sont de celles qui sont les <a href=\"https:\/\/www.laprovence.com\/article\/region\/1544236952697215\/baignade-a-la-plage-les-horaires-de-la-journee-a-privilegier-pour-en-profiter-et-eviter-tous-risques-pour-la-sante\" target=\"_blank\" rel=\"noopener\">plus fr\u00e9quent\u00e9es et les plus accessibles<\/a>, et tout le monde ne peut pas se rabattre sur celles qui restent ouvertes\u00a0\u00bb, ajoute Christine Juste.<\/p>\n<p>\u00c0 Marseille, chaque jour de fermeture des plages pour cause de pollution impacte la notation de celles-ci par l\u2019Agence r\u00e9gionale de sant\u00e9. L\u2019institution renouvelle tous les trois ans le panel des plages autoris\u00e9es \u00e0 la baignade et officiellement reconnues sur un territoire, et un mauvais bilan peut porter pr\u00e9judice \u00e0 certaines zones, comme la plage de l\u2019Huveaune r\u00e9guli\u00e8rement ferm\u00e9e \u00e0 cause des rejets pollu\u00e9s \u00e0 proximit\u00e9.<\/p>\n<p>La saison derni\u00e8re, le taux d\u2019ouverture avait d\u00e9pass\u00e9 90% de juin \u00e0 septembre.<\/p>\n","protected":false},"excerpt":{"rendered":"La s\u00e9rie \u00ab\u00a0violette\u00a0\u00bb, de la couleur des drapeaux qui indiquent que l\u2019eau de baignade d\u2019une plage est trop&hellip;\n","protected":false},"author":2,"featured_media":268017,"comment_status":"","ping_status":"","sticky":false,"template":"","format":"standard","meta":{"footnotes":""},"categories":[2],"tags":[17,11,1102,3738,12009,1011,27,3135,884,6774,12,8302,16,7053],"class_list":{"0":"post-268016","1":"post","2":"type-post","3":"status-publish","4":"format-standard","5":"has-post-thumbnail","7":"category-actualites","8":"tag-17","9":"tag-actualites","10":"tag-breakingnews","11":"tag-cause","12":"tag-fermees","13":"tag-fr","14":"tag-france","15":"tag-littoral","16":"tag-marseille","17":"tag-mercredi","18":"tag-news","19":"tag-plages","20":"tag-region","21":"tag-sud"},"share_on_mastodon":{"url":"https:\/\/pubeurope.com\/@fr\/114902622725208635","error":""},"_links":{"self":[{"href":"https:\/\/www.europesays.com\/fr\/wp-json\/wp\/v2\/posts\/268016","targetHints":{"allow":["GET"]}}],"collection":[{"href":"https:\/\/www.europesays.com\/fr\/wp-json\/wp\/v2\/posts"}],"about":[{"href":"https:\/\/www.europesays.com\/fr\/wp-json\/wp\/v2\/types\/post"}],"author":[{"embeddable":true,"href":"https:\/\/www.europesays.com\/fr\/wp-json\/wp\/v2\/users\/2"}],"replies":[{"embeddable":true,"href":"https:\/\/www.europesays.com\/fr\/wp-json\/wp\/v2\/comments?post=268016"}],"version-history":[{"count":0,"href":"https:\/\/www.europesays.com\/fr\/wp-json\/wp\/v2\/posts\/268016\/revisions"}],"wp:featuredmedia":[{"embeddable":true,"href":"https:\/\/www.europesays.com\/fr\/wp-json\/wp\/v2\/media\/268017"}],"wp:attachment":[{"href":"https:\/\/www.europesays.com\/fr\/wp-json\/wp\/v2\/media?parent=268016"}],"wp:term":[{"taxonomy":"category","embeddable":true,"href":"https:\/\/www.europesays.com\/fr\/wp-json\/wp\/v2\/categories?post=268016"},{"taxonomy":"post_tag","embeddable":true,"href":"https:\/\/www.europesays.com\/fr\/wp-json\/wp\/v2\/tags?post=268016"}],"curies":[{"name":"wp","href":"https:\/\/api.w.org\/{rel}","templated":true}]}}