{"id":268040,"date":"2025-07-23T12:59:12","date_gmt":"2025-07-23T12:59:12","guid":{"rendered":"https:\/\/www.europesays.com\/fr\/268040\/"},"modified":"2025-07-23T12:59:12","modified_gmt":"2025-07-23T12:59:12","slug":"ce-nouveau-centre-irm-et-scanner-vient-douvrir-aux-portes-de-rennes","status":"publish","type":"post","link":"https:\/\/www.europesays.com\/fr\/268040\/","title":{"rendered":"Ce nouveau centre IRM et scanner vient d\u2019ouvrir aux portes de Rennes"},"content":{"rendered":"<p>Un centre d\u2019IRM et de scanner a ouvert d\u00e9but juillet\u00a02025 au sein de la <a href=\"https:\/\/rennes.maville.com\/info\/info-locale\/video-canopia-une-maison-medicale-xxl-va-ouvrir-a-cesson-sevigne-pres-de-rennes-c103b506-6920-42f8-b7de-08ea9daa9c1d\" target=\"_self\" rel=\"nofollow noopener\">maison m\u00e9dicale Canopia<\/a> \u00e0 Cesson-S\u00e9vign\u00e9 (<a href=\"https:\/\/www.ouest-france.fr\/\" target=\"_self\" rel=\"nofollow noopener\">Ille-et-Vilaine<\/a>). Il s\u2019agit du sixi\u00e8me \u00e9tablissement de <a href=\"https:\/\/rennes.maville.com\/actu\/actudet_-dans-cette-clinique-de-rennes-l-irm-devient-une-vraie-aventure-pour-les-enfants-_7-6258883_actu.Htm\" target=\"_self\" rel=\"nofollow noopener\">CIM Laennec<\/a>, un acteur m\u00e9dical priv\u00e9 avec plusieurs centres d\u2019imagerie \u00e0 Saint-Gr\u00e9goire et \u00e0 Rennes.<\/p>\n<p><strong>Lire l\u2019article : <\/strong> <a href=\"https:\/\/rennes.maville.com\/actu\/actudet_-apres-la-clinique-de-saint-gregoire-au-tour-de-cesson-sevigne-de-fermer-ses-urgences-la-nuit-_7-6905744_actu.Htm\" rel=\"nofollow noopener\" target=\"_blank\">Apr\u00e8s la clinique de Saint-Gr\u00e9goire, au tour de Cesson-S\u00e9vign\u00e9 de fermer ses urgences la nuit<\/a><\/p>\n<p>\u00ab\u00a0On esp\u00e8re r\u00e9duire les d\u00e9lais d\u2019attente des patients\u00a0\u00bb<\/p>\n<p>Le nouveau centre est situ\u00e9 au\u00a0rez-de-chauss\u00e9e, et peut accueillir 70\u00a0patients par jour. Il est \u00e9quip\u00e9 d\u2019une IRM Siemens nouvelle g\u00e9n\u00e9ration dot\u00e9e d\u2019une intelligence artificielle, qui offre une bonne qualit\u00e9 d\u2019image.\u00a0Avec cette ouverture, CIM Laennec <strong>\u00ab\u00a0esp\u00e8re d\u00e9sengorger la polyclinique situ\u00e9e \u00e0 200\u00a0m\u00e8tres, et r\u00e9duire les d\u00e9lais de rendez-vous pour les patients externes\u00a0\u00bb<\/strong>.<\/p>\n<p>11, rue du Ch\u00eane-Germain \u00e0 Cesson-S\u00e9vign\u00e9. Ouvert du lundi au samedi. Prise de rendez-vous se fait en ligne sur <a href=\"https:\/\/www.easydoct.com\/rdv\/gie-irldr-imagerie-rennes?officePlace=e3d30d46-dc74-4580-9358-941959d01388\" target=\"_self\" rel=\"nofollow noopener\">www.easydoct.fr.<\/a><\/p>\n<p>\u00a0<\/p>\n","protected":false},"excerpt":{"rendered":"Un centre d\u2019IRM et de scanner a ouvert d\u00e9but juillet\u00a02025 au sein de la maison m\u00e9dicale Canopia \u00e0&hellip;\n","protected":false},"author":2,"featured_media":268041,"comment_status":"","ping_status":"","sticky":false,"template":"","format":"standard","meta":{"footnotes":""},"categories":[2821],"tags":[1111,11,829,3335,1777,674,1011,27,11561,12,4565,5257,3761,584,25,11070,5256],"class_list":{"0":"post-268040","1":"post","2":"type-post","3":"status-publish","4":"format-standard","5":"has-post-thumbnail","7":"category-rennes","8":"tag-actu","9":"tag-actualites","10":"tag-bretagne","11":"tag-centre","12":"tag-eu","13":"tag-europe","14":"tag-fr","15":"tag-france","16":"tag-irm","17":"tag-news","18":"tag-nouveau","19":"tag-ouvrir","20":"tag-portes","21":"tag-rennes","22":"tag-republique-francaise","23":"tag-scanner","24":"tag-vient"},"share_on_mastodon":{"url":"https:\/\/pubeurope.com\/@fr\/114902673955256748","error":""},"_links":{"self":[{"href":"https:\/\/www.europesays.com\/fr\/wp-json\/wp\/v2\/posts\/268040","targetHints":{"allow":["GET"]}}],"collection":[{"href":"https:\/\/www.europesays.com\/fr\/wp-json\/wp\/v2\/posts"}],"about":[{"href":"https:\/\/www.europesays.com\/fr\/wp-json\/wp\/v2\/types\/post"}],"author":[{"embeddable":true,"href":"https:\/\/www.europesays.com\/fr\/wp-json\/wp\/v2\/users\/2"}],"replies":[{"embeddable":true,"href":"https:\/\/www.europesays.com\/fr\/wp-json\/wp\/v2\/comments?post=268040"}],"version-history":[{"count":0,"href":"https:\/\/www.europesays.com\/fr\/wp-json\/wp\/v2\/posts\/268040\/revisions"}],"wp:featuredmedia":[{"embeddable":true,"href":"https:\/\/www.europesays.com\/fr\/wp-json\/wp\/v2\/media\/268041"}],"wp:attachment":[{"href":"https:\/\/www.europesays.com\/fr\/wp-json\/wp\/v2\/media?parent=268040"}],"wp:term":[{"taxonomy":"category","embeddable":true,"href":"https:\/\/www.europesays.com\/fr\/wp-json\/wp\/v2\/categories?post=268040"},{"taxonomy":"post_tag","embeddable":true,"href":"https:\/\/www.europesays.com\/fr\/wp-json\/wp\/v2\/tags?post=268040"}],"curies":[{"name":"wp","href":"https:\/\/api.w.org\/{rel}","templated":true}]}}