{"id":268048,"date":"2025-07-23T13:03:10","date_gmt":"2025-07-23T13:03:10","guid":{"rendered":"https:\/\/www.europesays.com\/fr\/268048\/"},"modified":"2025-07-23T13:03:10","modified_gmt":"2025-07-23T13:03:10","slug":"festival-cineroman-2025-a-nice-on-sait-qui-assurera-la-presidence-du-jury","status":"publish","type":"post","link":"https:\/\/www.europesays.com\/fr\/268048\/","title":{"rendered":"Festival Cin\u00e9roman 2025 \u00e0 Nice: on sait qui assurera la pr\u00e9sidence du jury"},"content":{"rendered":"<p>Il s\u2019agit de l\u2019actrice et r\u00e9alisatrice Sandrine Kiberlain, qui succ\u00e8de au duo form\u00e9 par Matthieu Delaporte et Alexandre de la Patelli\u00e8re, choisi l&rsquo;an dernier, ou encore \u00e0 Alex Lutz, Dani\u00e8le Thompson et Nicolas Bedos, qui avaient tenu ce r\u00f4le par le pass\u00e9.<\/p>\n<p>Pour celle qui a remport\u00e9 de nombreux prix durant sa brillante carri\u00e8re, dont deux C\u00e9sar (meilleur espoir f\u00e9minin pour son r\u00f4le dans\u00a0En avoir (ou pas)\u00a0de Laetitia Masson, en 1996, puis meilleure actrice en 2014 pour sa performance de juge d\u2019instruction enceinte d\u2019un criminel dans\u00a09 mois ferme\u00a0d\u2019Albert Dupontel), cette exp\u00e9rience ne sera pas une nouveaut\u00e9.<\/p>\n<p>Membre du jury du Festival de Cannes en 2001, elle avait ensuite pr\u00e9sid\u00e9 celui de la Cam\u00e9ra d\u2019or en 2017, avant d\u2019\u00eatre aux commandes de l&rsquo;\u00e9quipe charg\u00e9e de d\u00e9cerner les r\u00e9compenses lors du Festival de Deauville, l\u2019ann\u00e9e suivante.\u00a0<\/p>\n<p>Elle \u00e9tait venue pr\u00e9senter un film au festival l&rsquo;an dernier<\/p>\n<p>Sandrine Kiberlain ne sera pas non plus en terrain inconnu au festival Cin\u00e9roman. L&rsquo;an dernier, accompagn\u00e9e d&rsquo;Amira Casar, elle \u00e9tait venue y pr\u00e9senter\u00a0Sarah Bernhardt, La Divine\u00a0de Guillaume Nicloux, dans lequel elle incarnait la c\u00e9l\u00e8bre com\u00e9dienne.<\/p>\n<p>\u00ab\u00a0Actrice exigeante, libre et passionn\u00e9e de mots, elle incarne \u00e0 merveille le dialogue entre roman et cin\u00e9ma\u00a0\u00bb, estiment les organisateurs dans un post Instagram.<\/p>\n<p>Reste maintenant \u00e0 savoir \u00e0 quoi ressemblera le casting retenu pour \u00e9pauler Sandrine Kiberlain dans sa t\u00e2che.<\/p>\n","protected":false},"excerpt":{"rendered":"Il s\u2019agit de l\u2019actrice et r\u00e9alisatrice Sandrine Kiberlain, qui succ\u00e8de au duo form\u00e9 par Matthieu Delaporte et Alexandre&hellip;\n","protected":false},"author":2,"featured_media":268049,"comment_status":"","ping_status":"","sticky":false,"template":"","format":"standard","meta":{"footnotes":""},"categories":[2819],"tags":[1111,11,650,251,1777,674,1011,27,12,2401,882,25],"class_list":{"0":"post-268048","1":"post","2":"type-post","3":"status-publish","4":"format-standard","5":"has-post-thumbnail","7":"category-nice","8":"tag-actu","9":"tag-actualites","10":"tag-cinema","11":"tag-culture","12":"tag-eu","13":"tag-europe","14":"tag-fr","15":"tag-france","16":"tag-news","17":"tag-nice","18":"tag-provence-alpes-cote-dazur","19":"tag-republique-francaise"},"share_on_mastodon":{"url":"https:\/\/pubeurope.com\/@fr\/114902689680546247","error":""},"_links":{"self":[{"href":"https:\/\/www.europesays.com\/fr\/wp-json\/wp\/v2\/posts\/268048","targetHints":{"allow":["GET"]}}],"collection":[{"href":"https:\/\/www.europesays.com\/fr\/wp-json\/wp\/v2\/posts"}],"about":[{"href":"https:\/\/www.europesays.com\/fr\/wp-json\/wp\/v2\/types\/post"}],"author":[{"embeddable":true,"href":"https:\/\/www.europesays.com\/fr\/wp-json\/wp\/v2\/users\/2"}],"replies":[{"embeddable":true,"href":"https:\/\/www.europesays.com\/fr\/wp-json\/wp\/v2\/comments?post=268048"}],"version-history":[{"count":0,"href":"https:\/\/www.europesays.com\/fr\/wp-json\/wp\/v2\/posts\/268048\/revisions"}],"wp:featuredmedia":[{"embeddable":true,"href":"https:\/\/www.europesays.com\/fr\/wp-json\/wp\/v2\/media\/268049"}],"wp:attachment":[{"href":"https:\/\/www.europesays.com\/fr\/wp-json\/wp\/v2\/media?parent=268048"}],"wp:term":[{"taxonomy":"category","embeddable":true,"href":"https:\/\/www.europesays.com\/fr\/wp-json\/wp\/v2\/categories?post=268048"},{"taxonomy":"post_tag","embeddable":true,"href":"https:\/\/www.europesays.com\/fr\/wp-json\/wp\/v2\/tags?post=268048"}],"curies":[{"name":"wp","href":"https:\/\/api.w.org\/{rel}","templated":true}]}}