{"id":268050,"date":"2025-07-23T13:04:11","date_gmt":"2025-07-23T13:04:11","guid":{"rendered":"https:\/\/www.europesays.com\/fr\/268050\/"},"modified":"2025-07-23T13:04:11","modified_gmt":"2025-07-23T13:04:11","slug":"nice-une-femme-violee-en-pleine-rue-apres-une-tentative-de-suicide-un-homme-mis-en-examen","status":"publish","type":"post","link":"https:\/\/www.europesays.com\/fr\/268050\/","title":{"rendered":"Nice : une femme viol\u00e9e en pleine rue apr\u00e8s une tentative de suicide, un homme mis en examen"},"content":{"rendered":"<ul class=\"jsx-862013697 ArticleChapo__List\">\n<li class=\"jsx-862013697 ArticleChapo__List_Item flex\">Dans la nuit de lundi \u00e0 mardi, une femme d&rsquo;une vingtaine d&rsquo;ann\u00e9es a \u00e9t\u00e9 viol\u00e9e \u00e0 Nice.<\/li>\n<li class=\"jsx-862013697 ArticleChapo__List_Item flex\">La victime, inconsciente apr\u00e8s une tentative de suicide, a \u00e9t\u00e9 sauv\u00e9e par les secours.<\/li>\n<li class=\"jsx-862013697 ArticleChapo__List_Item flex\">Un quadrag\u00e9naire, d\u00e9j\u00e0 connu de la justice, a \u00e9t\u00e9 mis en examen pour \u00ab\u00a0viol\u00a0\u00bb mardi soir.<\/li>\n<\/ul>\n<p data-module=\"article-paragraph\" class=\"jsx-3046738180 Paragraph\">Des faits terrifiants survenus dans la nuit de dimanche \u00e0 lundi sur l&rsquo;une des places les plus fr\u00e9quent\u00e9es de la Cit\u00e9 des anges. Vers 4 heures du matin, les sapeurs-pompiers de la ville de Nice sont intervenus pour porter secours \u00e0 une jeune femme, inconsciente et allong\u00e9e au sol.\u00a0<\/p>\n<p data-module=\"article-paragraph\" class=\"jsx-3046738180 Paragraph Paragraph__End\">Sur la victime, les secouristes, ont retrouv\u00e9 une lettre indiquant que celle-ci souhaitait mettre fin \u00e0 ses jours. La jeune femme qui, selon <a href=\"https:\/\/www.nicematin.com\/faits-divers\/viol-sur-la-place-garibaldi-a-nice-le-suspect-place-en-detention-provisoire-995310\" target=\"_blank\" rel=\"nofollow noopener\">Nice Matin (nouvelle fen\u00eatre)<\/a>, aurait pris des m\u00e9dicaments pour se suicider, s&rsquo;est rapidement plaint aupr\u00e8s des soldats du feu de douleurs intimes avant d&rsquo;\u00eatre conduit \u00e0 l&rsquo;h\u00f4pital Pasteur 2 pour \u00eatre examin\u00e9e\u2026<\/p>\n<p>Un suspect mis en examen<\/p>\n<p data-module=\"article-paragraph\" class=\"jsx-3046738180 Paragraph Paragraph__End\">Contact\u00e9 par TF1info ce mercredi, le procureur de la R\u00e9publique de Nice, Damien Martinelli, fait savoir \u00e0 notre r\u00e9daction qu&rsquo;une personne n\u00e9e en 1977 a \u00e9t\u00e9 interpell\u00e9e dans la nuit de dimanche \u00e0 lundi pour des faits de \u00ab\u00a0viol\u00a0\u00bb, effectivement commis place Garibaldi. Cet homme a \u00e9t\u00e9 d\u00e9f\u00e9r\u00e9 mardi dans le cadre de l\u2019ouverture d\u2019une information judiciaire pour des faits de \u00ab\u00a0viol sur personne vuln\u00e9rable\u00a0\u00bb, ajoute-t-il.<\/p>\n<p><a href=\"https:\/\/www.tf1info.fr\/justice-faits-divers\/il-projetait-de-violer-et-tuer-une-fillette-pres-d-orleans-un-quinquagenaire-arrete-et-ecroue-2384322.html\" rel=\"noopener\" class=\"jsx-3308031228 Link flex\" target=\"_blank\"><img decoding=\"async\" src=\"https:\/\/www.europesays.com\/fr\/wp-content\/uploads\/2025\/07\/ordinateur-internet-contenu-adultes-55c11b-0@1x.jpeg\" alt=\"iStock\" loading=\"lazy\" importance=\"low\" fetchpriority=\"low\" class=\"\" aria-hidden=\"true\"\/><\/p>\n<p class=\"jsx-3657663356 ReadMoreArticle__Title\">Lire aussi<\/p>\n<p class=\"jsx-3657663356\">Il projetait de violer et tuer une fillette pr\u00e8s d&rsquo;Orl\u00e9ans : un quinquag\u00e9naire arr\u00eat\u00e9 et \u00e9crou\u00e9<\/p>\n<p><\/a><\/p>\n<p data-module=\"article-paragraph\" class=\"jsx-3046738180 Paragraph\">D\u00e9j\u00e0 connu pour des faits d'\u00a0\u00bbexhibition sexuelle\u00a0\u00bb apr\u00e8s une condamnation prononc\u00e9e en 2022, cet individu a \u00e9t\u00e9 mis en examen et plac\u00e9e en d\u00e9tention provisoire.<\/p>\n<p data-module=\"article-paragraph\" class=\"jsx-3046738180 Paragraph Paragraph__End\">Selon le quotidien local Nice-Matin, le suspect, qui a \u00e9t\u00e9 identifi\u00e9 apr\u00e8s un signalement, aurait p\u00e9n\u00e9tr\u00e9 digitalement la victime sur la voie publique. La police municipale a proc\u00e9d\u00e9 \u00e0 son interpellation dans les rues du vieux Nice quelques heures apr\u00e8s les faits.\u00a0<\/p>\n<p>Aur\u00e9lie SARROT<\/p>\n","protected":false},"excerpt":{"rendered":"Dans la nuit de lundi \u00e0 mardi, une femme d&rsquo;une vingtaine d&rsquo;ann\u00e9es a \u00e9t\u00e9 viol\u00e9e \u00e0 Nice. La&hellip;\n","protected":false},"author":2,"featured_media":268051,"comment_status":"","ping_status":"","sticky":false,"template":"","format":"standard","meta":{"footnotes":""},"categories":[2819],"tags":[1111,11,1921,1777,674,6017,1011,27,1922,303,2954,12,2401,1072,882,25,133,2953],"class_list":{"0":"post-268050","1":"post","2":"type-post","3":"status-publish","4":"format-standard","5":"has-post-thumbnail","7":"category-nice","8":"tag-actu","9":"tag-actualites","10":"tag-article-video","11":"tag-eu","12":"tag-europe","13":"tag-fait-divers","14":"tag-fr","15":"tag-france","16":"tag-info","17":"tag-justice","18":"tag-justice-et-faits-divers","19":"tag-news","20":"tag-nice","21":"tag-police","22":"tag-provence-alpes-cote-dazur","23":"tag-republique-francaise","24":"tag-video","25":"tag-video-police"},"share_on_mastodon":{"url":"https:\/\/pubeurope.com\/@fr\/114902693565884729","error":""},"_links":{"self":[{"href":"https:\/\/www.europesays.com\/fr\/wp-json\/wp\/v2\/posts\/268050","targetHints":{"allow":["GET"]}}],"collection":[{"href":"https:\/\/www.europesays.com\/fr\/wp-json\/wp\/v2\/posts"}],"about":[{"href":"https:\/\/www.europesays.com\/fr\/wp-json\/wp\/v2\/types\/post"}],"author":[{"embeddable":true,"href":"https:\/\/www.europesays.com\/fr\/wp-json\/wp\/v2\/users\/2"}],"replies":[{"embeddable":true,"href":"https:\/\/www.europesays.com\/fr\/wp-json\/wp\/v2\/comments?post=268050"}],"version-history":[{"count":0,"href":"https:\/\/www.europesays.com\/fr\/wp-json\/wp\/v2\/posts\/268050\/revisions"}],"wp:featuredmedia":[{"embeddable":true,"href":"https:\/\/www.europesays.com\/fr\/wp-json\/wp\/v2\/media\/268051"}],"wp:attachment":[{"href":"https:\/\/www.europesays.com\/fr\/wp-json\/wp\/v2\/media?parent=268050"}],"wp:term":[{"taxonomy":"category","embeddable":true,"href":"https:\/\/www.europesays.com\/fr\/wp-json\/wp\/v2\/categories?post=268050"},{"taxonomy":"post_tag","embeddable":true,"href":"https:\/\/www.europesays.com\/fr\/wp-json\/wp\/v2\/tags?post=268050"}],"curies":[{"name":"wp","href":"https:\/\/api.w.org\/{rel}","templated":true}]}}