{"id":268062,"date":"2025-07-23T13:10:09","date_gmt":"2025-07-23T13:10:09","guid":{"rendered":"https:\/\/www.europesays.com\/fr\/268062\/"},"modified":"2025-07-23T13:10:09","modified_gmt":"2025-07-23T13:10:09","slug":"serie-de-vols-sur-des-personnes-agees-une-femme-condamnee","status":"publish","type":"post","link":"https:\/\/www.europesays.com\/fr\/268062\/","title":{"rendered":"s\u00e9rie de vols sur des personnes \u00e2g\u00e9es, une femme condamn\u00e9e"},"content":{"rendered":"<p>\nApr\u00e8s une dizaine de vols commis sur des personnes \u00e2g\u00e9es, une femme vient d\u2019\u00eatre condamn\u00e9e \u00e0 Toulouse.<\/p>\n<p>\n\u00a9 Photo d\u2019illustration.<\/p>\n<p>Les <strong>policiers de <a href=\"https:\/\/infoccitanie.fr\/tag\/toulouse\/\" target=\"_blank\" rel=\"noopener\">Toulouse<\/a> <\/strong>ont mis un terme \u00e0 une <strong>s\u00e9rie de vols et de vols aggrav\u00e9s<\/strong>. En effet, ils ont proc\u00e9d\u00e9 \u00e0 l\u2019interpellation d\u2019une <strong>femme<\/strong> impliqu\u00e9e dans une <strong>dizaine de faits<\/strong>. Les cibles principales de ces actes d\u00e9lictueux : des <strong>personnes \u00e2g\u00e9es<\/strong>, visiblement vis\u00e9es en raison de leur vuln\u00e9rabilit\u00e9.<\/p>\n<p>28 mois d\u2019emprisonnement ferme<\/p>\n<p>Apr\u00e8s un travail d\u2019identification men\u00e9 par les services de police, la <strong>mise en cause<\/strong> a \u00e9t\u00e9 <strong>arr\u00eat\u00e9e<\/strong> puis plac\u00e9e en <strong>garde \u00e0 vue<\/strong>. Pr\u00e9sent\u00e9e rapidement devant la justice, le <a href=\"https:\/\/infoccitanie.fr\/tag\/tribunal\/\" target=\"_blank\" rel=\"noopener\">tribunal correctionnel<\/a> l\u2019a reconnue <strong>coupable<\/strong> des faits. Elle a \u00e9t\u00e9 condamn\u00e9e \u00e0 <strong>28 mois de prison ferme<\/strong>. Cette interpellation vient conclure une enqu\u00eate men\u00e9e avec discr\u00e9tion, soulignant l\u2019engagement des policiers toulousains dans la <strong>lutte contre les atteintes aux personnes les plus vuln\u00e9rables<\/strong>.<\/p>\n","protected":false},"excerpt":{"rendered":"Apr\u00e8s une dizaine de vols commis sur des personnes \u00e2g\u00e9es, une femme vient d\u2019\u00eatre condamn\u00e9e \u00e0 Toulouse. \u00a9&hellip;\n","protected":false},"author":2,"featured_media":268063,"comment_status":"","ping_status":"","sticky":false,"template":"","format":"standard","meta":{"footnotes":""},"categories":[2816],"tags":[1111,11,1777,674,1011,27,12,2680,25,2312,3693],"class_list":{"0":"post-268062","1":"post","2":"type-post","3":"status-publish","4":"format-standard","5":"has-post-thumbnail","7":"category-toulouse","8":"tag-actu","9":"tag-actualites","10":"tag-eu","11":"tag-europe","12":"tag-fr","13":"tag-france","14":"tag-news","15":"tag-occitanie","16":"tag-republique-francaise","17":"tag-toulouse","18":"tag-tribunal"},"share_on_mastodon":{"url":"https:\/\/pubeurope.com\/@fr\/114902717089181908","error":""},"_links":{"self":[{"href":"https:\/\/www.europesays.com\/fr\/wp-json\/wp\/v2\/posts\/268062","targetHints":{"allow":["GET"]}}],"collection":[{"href":"https:\/\/www.europesays.com\/fr\/wp-json\/wp\/v2\/posts"}],"about":[{"href":"https:\/\/www.europesays.com\/fr\/wp-json\/wp\/v2\/types\/post"}],"author":[{"embeddable":true,"href":"https:\/\/www.europesays.com\/fr\/wp-json\/wp\/v2\/users\/2"}],"replies":[{"embeddable":true,"href":"https:\/\/www.europesays.com\/fr\/wp-json\/wp\/v2\/comments?post=268062"}],"version-history":[{"count":0,"href":"https:\/\/www.europesays.com\/fr\/wp-json\/wp\/v2\/posts\/268062\/revisions"}],"wp:featuredmedia":[{"embeddable":true,"href":"https:\/\/www.europesays.com\/fr\/wp-json\/wp\/v2\/media\/268063"}],"wp:attachment":[{"href":"https:\/\/www.europesays.com\/fr\/wp-json\/wp\/v2\/media?parent=268062"}],"wp:term":[{"taxonomy":"category","embeddable":true,"href":"https:\/\/www.europesays.com\/fr\/wp-json\/wp\/v2\/categories?post=268062"},{"taxonomy":"post_tag","embeddable":true,"href":"https:\/\/www.europesays.com\/fr\/wp-json\/wp\/v2\/tags?post=268062"}],"curies":[{"name":"wp","href":"https:\/\/api.w.org\/{rel}","templated":true}]}}