{"id":268064,"date":"2025-07-23T13:12:18","date_gmt":"2025-07-23T13:12:18","guid":{"rendered":"https:\/\/www.europesays.com\/fr\/268064\/"},"modified":"2025-07-23T13:12:18","modified_gmt":"2025-07-23T13:12:18","slug":"nathan-ngoy-va-rejoindre-lille","status":"publish","type":"post","link":"https:\/\/www.europesays.com\/fr\/268064\/","title":{"rendered":"Nathan Ngoy va rejoindre Lille"},"content":{"rendered":"<p style=\"text-align: justify;\"><strong>TRANSFERTS LOSC \u2013 Jeune d\u00e9fenseur de 22 ans \u00e9voluant au Standard Li\u00e8ge, Nathan Ngoy est sur le point de s\u2019engager avec les Dogues.<\/strong><\/p>\n<p style=\"text-align: justify;\">D\u00e9j\u00e0 actif sur le march\u00e9 des transferts, le <strong>LOSC<\/strong> s\u2019est renforc\u00e9 sur quasiment toutes les lignes. Toutefois, un seul secteur de jeu ne comptait pas encore de recrues : la <strong>d\u00e9fense<\/strong>.<\/p>\n<p>Le probable d\u00e9part de Bafod\u00e9 Diakit\u00e9 en toile de fond<\/p>\n<p style=\"text-align: justify;\">Il faut dire que jusque-l\u00e0, hormis le retour de pr\u00eat de <strong>Mitchell Bakker<\/strong>, les Dogues n\u2019avaient pas connu de perte majeure (en fin de contrat, Samuel Umtiti n\u2019a jamais port\u00e9 le maillot la saison derni\u00e8re). Cependant, les Lillois doivent pr\u00e9parer l\u2019avenir alors que le futur au club de <strong>Bafod\u00e9 Diakit\u00e9<\/strong> s\u2019inscrit en pointill\u00e9s. Ind\u00e9boulonnable depuis 3 ans, le jeune d\u00e9fenseur fran\u00e7ais est ardemment courtis\u00e9 en premier League, notamment par Wolverhampton, qui verrait d\u2019un bon \u0153il sa signature pour pallier le d\u00e9part de Dean Huijsen au Real Madrid. En attendant le d\u00e9nouement de ce dossier, le LOSC a d\u00e9cid\u00e9 d\u2019anticiper.<\/p>\n<p>Nathan Ngoy, un \u00e9norme potentiel \u00e0 risque<\/p>\n<p style=\"text-align: justify;\">En effet, <a href=\"https:\/\/www.lequipe.fr\/Football\/Actualites\/Mercato-le-defenseur-du-standard-de-liege-nathan-ngoy-arrive-au-losc\/1580164\" target=\"_blank\" rel=\"noopener\">L\u2019\u00c9quipe<\/a> nous apprend que le jeune d\u00e9fenseur belge <strong>Nathan Ngoy<\/strong> est dans le Nord ce mercredi pour passer sa visite m\u00e9dicale, et fignoler les derniers d\u00e9tails. \u00c2g\u00e9 de 22 ans, il s\u2019est impos\u00e9 comme l\u2019un des plus grands espoirs du plat pays en charni\u00e8re centrale sous les couleurs du<strong> Standard Li\u00e8ge<\/strong>.<\/p>\n<blockquote class=\"twitter-tweet\">\n<p dir=\"ltr\" lang=\"fr\">\ud83d\udea8 \ud83d\udd34 EXCL \u2013 Nathan Ngoy a pass\u00e9 ses tests physiques et m\u00e9dicaux ce mardi \u00e0 Lille. Si, et seulement si il les r\u00e9ussit, le Belge \u2013 absent ce mercredi \u00e0 l\u2019Acad\u00e9mie \u2013 quittera le Standard de Li\u00e8ge. Contrat de 5 ans. Le <a href=\"https:\/\/twitter.com\/hashtag\/RSCL?src=hash&amp;ref_src=twsrc%5Etfw\" target=\"_blank\" rel=\"noopener\">#RSCL<\/a> devrait r\u00e9cup\u00e9rer \u20ac4,5M dans l\u2019op\u00e9ration. <a href=\"https:\/\/twitter.com\/hashtag\/mercato?src=hash&amp;ref_src=twsrc%5Etfw\" target=\"_blank\" rel=\"noopener\">#mercato<\/a> <a href=\"https:\/\/twitter.com\/hashtag\/JPL?src=hash&amp;ref_src=twsrc%5Etfw\" target=\"_blank\" rel=\"noopener\">#JPL<\/a> <a href=\"https:\/\/t.co\/ICjlHfDxuP\">pic.twitter.com\/ICjlHfDxuP<\/a><\/p>\n<p>\u2014 Sacha Tavolieri (@sachatavolieri) <a href=\"https:\/\/twitter.com\/sachatavolieri\/status\/1947920954698477734?ref_src=twsrc%5Etfw\" target=\"_blank\" rel=\"noopener\">July 23, 2025<\/a><\/p>\n<\/blockquote>\n<p style=\"text-align: justify;\">Depuis plusieurs semaines, les dirigeants lillois \u00e9taient sur ce dossier. Si le Standard a refus\u00e9 les premi\u00e8res offres, les deux clubs ont trouv\u00e9 un terrain d\u2019entente pour un <strong>montant qui serait estim\u00e9 \u00e0 3,5 millions d\u2019euros<\/strong>\u00a0pour lib\u00e9rer le joueur de sa derni\u00e8re ann\u00e9e de contrat. D\u00e9fenseur central solide, capable de se d\u00e9caler au poste de lat\u00e9ral droit, le Belge dispose d\u2019un \u00e9norme potentiel \u00e0 exploiter.<\/p>\n<p style=\"text-align: justify;\">Cependant, sa signature repr\u00e9sentera aussi un risque. Si <strong>Nathan Ngoy<\/strong> a prouv\u00e9 ses qualit\u00e9s \u00e0 maintes reprises, ce dernier n\u2019a <strong>pas \u00e9t\u00e9 \u00e9pargn\u00e9 par les blessures s\u00e9rieuses<\/strong>. Au-del\u00e0 d\u2019une fracture du tibia subie avant ses 18 ans, il a \u00e9galement cumul\u00e9 plus d\u2019une ann\u00e9e d\u2019absence sur les trois derni\u00e8res ann\u00e9es, la faute \u00e0 des blessures aux ischios et au m\u00e9nisque notamment.<\/p>\n<p>\u00c0 lire aussi<br \/>\n<a href=\"https:\/\/dicodusport.fr\/blog\/mercato-losc-2025-2026-le-tableau-complet-des-transferts-arrivees-et-departs\/\" class=\"vlp-link\" title=\"Mercato LOSC 2025-2026 : Le tableau complet des transferts, arriv\u00e9es et d\u00e9parts\" target=\"_blank\" rel=\"noopener\"><img loading=\"lazy\" decoding=\"async\" style=\"max-width: 792px;\" width=\"792\" height=\"445\" class=\"attachment-800x445 size-800x445 perfmatters-lazy\" alt=\"Mercato LOSC 2025-2026 Le tableau complet des transferts, arriv\u00e9es et d\u00e9parts\" src=\"https:\/\/www.europesays.com\/fr\/wp-content\/uploads\/2025\/07\/Mercato-LOSC-2025-2026-Le-tableau-complet-des-transferts-arrivees-et-departs.png\"  data-\/><\/p>\n<p>Mercato LOSC 2025-2026 : Le tableau complet des transferts, arriv\u00e9es et d\u00e9parts<\/p>\n<p>TRANSFERTS LOSC &#8211; Retrouvez tous les mouvements du Lille Olympique Sporting Club pour l&rsquo;intersaison 2025 en Ligue 1. Arriv\u00e9es, d\u00e9part, pr\u00eats, transferts d\u00e9finitifs, ne ratez rien du mercato estival.\u00a0<\/p>\n<p>Lire l&rsquo;article<\/p>\n<p>dicodusport.fr<\/p>\n<p>\t\t\t\t\t\t\t\t\t\t\t\t\t<script async src=\"https:\/\/platform.twitter.com\/widgets.js\" charset=\"utf-8\"><\/script><\/p>\n","protected":false},"excerpt":{"rendered":"TRANSFERTS LOSC \u2013 Jeune d\u00e9fenseur de 22 ans \u00e9voluant au Standard Li\u00e8ge, Nathan Ngoy est sur le point&hellip;\n","protected":false},"author":2,"featured_media":268065,"comment_status":"","ping_status":"","sticky":false,"template":"","format":"standard","meta":{"footnotes":""},"categories":[2815],"tags":[1111,11,2113,1777,674,1011,27,811,66,1307,2267,12,25],"class_list":{"0":"post-268064","1":"post","2":"type-post","3":"status-publish","4":"format-standard","5":"has-post-thumbnail","7":"category-lille","8":"tag-actu","9":"tag-actualites","10":"tag-breve","11":"tag-eu","12":"tag-europe","13":"tag-fr","14":"tag-france","15":"tag-hauts-de-france","16":"tag-ligue-1","17":"tag-lille","18":"tag-losc","19":"tag-news","20":"tag-republique-francaise"},"share_on_mastodon":{"url":"https:\/\/pubeurope.com\/@fr\/114902725158615977","error":""},"_links":{"self":[{"href":"https:\/\/www.europesays.com\/fr\/wp-json\/wp\/v2\/posts\/268064","targetHints":{"allow":["GET"]}}],"collection":[{"href":"https:\/\/www.europesays.com\/fr\/wp-json\/wp\/v2\/posts"}],"about":[{"href":"https:\/\/www.europesays.com\/fr\/wp-json\/wp\/v2\/types\/post"}],"author":[{"embeddable":true,"href":"https:\/\/www.europesays.com\/fr\/wp-json\/wp\/v2\/users\/2"}],"replies":[{"embeddable":true,"href":"https:\/\/www.europesays.com\/fr\/wp-json\/wp\/v2\/comments?post=268064"}],"version-history":[{"count":0,"href":"https:\/\/www.europesays.com\/fr\/wp-json\/wp\/v2\/posts\/268064\/revisions"}],"wp:featuredmedia":[{"embeddable":true,"href":"https:\/\/www.europesays.com\/fr\/wp-json\/wp\/v2\/media\/268065"}],"wp:attachment":[{"href":"https:\/\/www.europesays.com\/fr\/wp-json\/wp\/v2\/media?parent=268064"}],"wp:term":[{"taxonomy":"category","embeddable":true,"href":"https:\/\/www.europesays.com\/fr\/wp-json\/wp\/v2\/categories?post=268064"},{"taxonomy":"post_tag","embeddable":true,"href":"https:\/\/www.europesays.com\/fr\/wp-json\/wp\/v2\/tags?post=268064"}],"curies":[{"name":"wp","href":"https:\/\/api.w.org\/{rel}","templated":true}]}}