{"id":268066,"date":"2025-07-23T13:13:09","date_gmt":"2025-07-23T13:13:09","guid":{"rendered":"https:\/\/www.europesays.com\/fr\/268066\/"},"modified":"2025-07-23T13:13:09","modified_gmt":"2025-07-23T13:13:09","slug":"les-88-musiciens-de-lorchestre-philharmonique-de-marseille","status":"publish","type":"post","link":"https:\/\/www.europesays.com\/fr\/268066\/","title":{"rendered":"Les 88 musiciens de l\u2019orchestre philharmonique de Marseille"},"content":{"rendered":"<p>Dimanche 3\u00a0ao\u00fbt \u00e0 21h30, et pour la cinqui\u00e8me soir\u00e9e des 70es <a href=\"https:\/\/www.laprovence.com\/article\/region\/413219223205114\/en-scene-au-fort-ces-spectacles-a-voir-dans-la-citadelle-a-sisteron\" target=\"_blank\" rel=\"noopener\">Nuits de la Citadelle<\/a>, \u00e0 Sisteron, l\u2019association Arts Th\u00e9\u00e2tre Monuments a invit\u00e9 le grand orchestre philharmonique de Marseille. Du grand spectacle et la puissance de 88 instruments. Les cordes, les bois, cuivres, et autres percussions\u2026 C\u2019est une invitation au voyage au son des habaneras et des guajiras\u2026<\/p>\n<p>Au programme de cette grande soir\u00e9e orchestrale, figurent deux chefs-d\u2019\u0153uvre\u00a0: la Rhapsodie espagnole\u00a0de Maurice Ravel, compositeur f\u00e9ru de musique ib\u00e9rique, partition aux couleurs sensuelles, envo\u00fbtantes et scintillantes, et\u00a0Nuits dans les jardins d\u2019Espagne, po\u00e8me symphonique d\u2019une grande beaut\u00e9 formelle \u00e9crit pour orchestre et piano par Manuel De Falla. Au clavier, nous entendrons Darren Sheng, jeune artiste Ta\u00efwanais au jeu clair et engag\u00e9.<\/p>\n<p>La seconde partie s\u2019ouvrira avec la tr\u00e8s romanesque sc\u00e8ne d\u2019amour de\u00a0Rom\u00e9o et Juliette\u00a0de Berlioz suivie des plus belles\u00a0musiques de films d\u2019Ennio Morricone\u00a0avec la voix m\u00e9lodieuse de la soprano Laurence Janot. Invit\u00e9 pour la premi\u00e8re fois \u00e0 Sisteron, l\u2019<a href=\"https:\/\/www.laprovence.com\/article\/culture-loisirs\/21179539970560\/lopera-il-trovatore-revient-dimanche-au-theatre-antique-pour-les-choregies-dorange\" target=\"_blank\" rel=\"noopener\">Orchestre Philharmonique de Marseille <\/a>jouera sous la baguette sensible et \u00e9nergique de Daniel Kawka, chef charismatique, grand fid\u00e8le du festival o\u00f9 il vient diriger pour la cinqui\u00e8me fois\u00a0!<\/p>\n<p>88 musiciens dirig\u00e9s par un chef international<\/p>\n<p>Cr\u00e9\u00e9 en\u00a01965 par la ville de Marseille, l\u2019orchestre philharmonique de Marseille et ses 88 musiciens sera dirig\u00e9 par Daniel Kawka, dont la nomination aux Grammy Awards de l\u2019enregistrement des concertos pour piano de Ravel est venue confirmer ce sens du son d\u2019orchestre, g\u00e9n\u00e9reux et raffin\u00e9, mis au seul service du phras\u00e9 po\u00e9tique de la musique.<\/p>\n","protected":false},"excerpt":{"rendered":"Dimanche 3\u00a0ao\u00fbt \u00e0 21h30, et pour la cinqui\u00e8me soir\u00e9e des 70es Nuits de la Citadelle, \u00e0 Sisteron, l\u2019association&hellip;\n","protected":false},"author":2,"featured_media":268067,"comment_status":"","ping_status":"","sticky":false,"template":"","format":"standard","meta":{"footnotes":""},"categories":[2814],"tags":[17,1111,11,1777,674,1011,27,16026,40739,884,12,40740,471,3051,882,16,25,40125],"class_list":{"0":"post-268066","1":"post","2":"type-post","3":"status-publish","4":"format-standard","5":"has-post-thumbnail","7":"category-marseille","8":"tag-17","9":"tag-actu","10":"tag-actualites","11":"tag-eu","12":"tag-europe","13":"tag-fr","14":"tag-france","15":"tag-joue","16":"tag-lorchestre","17":"tag-marseille","18":"tag-news","19":"tag-philharmonique","20":"tag-pour","21":"tag-premiere","22":"tag-provence-alpes-cote-dazur","23":"tag-region","24":"tag-republique-francaise","25":"tag-sisteron"},"share_on_mastodon":{"url":"https:\/\/pubeurope.com\/@fr\/114902728912690401","error":""},"_links":{"self":[{"href":"https:\/\/www.europesays.com\/fr\/wp-json\/wp\/v2\/posts\/268066","targetHints":{"allow":["GET"]}}],"collection":[{"href":"https:\/\/www.europesays.com\/fr\/wp-json\/wp\/v2\/posts"}],"about":[{"href":"https:\/\/www.europesays.com\/fr\/wp-json\/wp\/v2\/types\/post"}],"author":[{"embeddable":true,"href":"https:\/\/www.europesays.com\/fr\/wp-json\/wp\/v2\/users\/2"}],"replies":[{"embeddable":true,"href":"https:\/\/www.europesays.com\/fr\/wp-json\/wp\/v2\/comments?post=268066"}],"version-history":[{"count":0,"href":"https:\/\/www.europesays.com\/fr\/wp-json\/wp\/v2\/posts\/268066\/revisions"}],"wp:featuredmedia":[{"embeddable":true,"href":"https:\/\/www.europesays.com\/fr\/wp-json\/wp\/v2\/media\/268067"}],"wp:attachment":[{"href":"https:\/\/www.europesays.com\/fr\/wp-json\/wp\/v2\/media?parent=268066"}],"wp:term":[{"taxonomy":"category","embeddable":true,"href":"https:\/\/www.europesays.com\/fr\/wp-json\/wp\/v2\/categories?post=268066"},{"taxonomy":"post_tag","embeddable":true,"href":"https:\/\/www.europesays.com\/fr\/wp-json\/wp\/v2\/tags?post=268066"}],"curies":[{"name":"wp","href":"https:\/\/api.w.org\/{rel}","templated":true}]}}