{"id":268068,"date":"2025-07-23T13:14:10","date_gmt":"2025-07-23T13:14:10","guid":{"rendered":"https:\/\/www.europesays.com\/fr\/268068\/"},"modified":"2025-07-23T13:14:10","modified_gmt":"2025-07-23T13:14:10","slug":"loffice-central-antistupefiants-perquisitionne-par-ligpn","status":"publish","type":"post","link":"https:\/\/www.europesays.com\/fr\/268068\/","title":{"rendered":"l&rsquo;Office central antistup\u00e9fiants perquisitionn\u00e9 par l&rsquo;IGPN"},"content":{"rendered":"<p>Ces perquisitions seraient li\u00e9es au dossier d\u2019importation frauduleuse de stup\u00e9fiants surnomm\u00e9 \u00abTrident\u00bb. Elles concerneraient un commandant de police et son bin\u00f4me.<\/p>\n<p class=\"fig-paragraph\">Des perquisitions ont eu lieu mardi au si\u00e8ge de l&rsquo;office antistup\u00e9fiants (OFAST) \u00e0 Nanterre (Hauts-de-Seine) ainsi qu&rsquo;aux domiciles de deux policiers, par des agents de l&rsquo;IGPN, la police des polices, selon des sources proches du dossier cit\u00e9es par l\u2019AFP. L&rsquo;inspection g\u00e9n\u00e9rale de la police nationale (IGPN) a proc\u00e9d\u00e9 \u00e0 des perquisitions dans\u00a0<a href=\"http:\/\/www.lefigaro.fr\/marseille\/mimo-les-tontons-et-le-conteneur-de-cocaine-dans-les-coulisses-du-scandale-de-l-office-anti-stupefiants-de-marseille-20250711\" data-fig-type=\"NewsFlash\" data-gtm-custom-categorie=\"navigation\" data-gtm-custom-action=\"crossclick\" data-gtm-custom-label=\"Contextuel\" data-gtm-event=\"customEventSPE\" data-fig-domain=\"LEFIGARO\" rel=\"nofollow noopener\" target=\"_blank\">les bureaux et les domiciles de deux policiers<\/a>, a pr\u00e9cis\u00e9 la source, confirmant une information du journal Le Parisien.<\/p>\n<p class=\"fig-paragraph\">Selon\u00a0<a href=\"https:\/\/www.leparisien.fr\/faits-divers\/disparition-de-pres-de-400-kg-de-cocaine-perquisitions-au-siege-de-loffice-central-anti-stupefiant-22-07-2025-NNDFER6KEVFQRO3IL5OB2EJRHY.php\" target=\"_blank\" rel=\"sponsored noopener nofollow\" data-gtm-custom-categorie=\"navigation\" data-gtm-custom-action=\"crossclick\" data-gtm-custom-label=\"Contextuel\" data-gtm-event=\"customEventSPE\">Le Parisien<\/a>, ces perquisitions seraient li\u00e9es au dossier d&rsquo;importation frauduleuse de stup\u00e9fiants surnomm\u00e9 \u00abTrident\u00bb. Elles concerneraient un commandant de police &#8211; \u00abune figure de la lutte anti stups en France\u00bb &#8211; et \u00abson bin\u00f4me\u00bb.<\/p>\n<p>                                    <a class=\"fig-a11y-skip a11y-hidden\" href=\"#fig-a11y-skip-main-inarticle\"><br \/>\n        Passer la publicit\u00e9<br \/>\n    <\/a><\/p>\n<p class=\"fig-paragraph\">Dans ce dossier dirig\u00e9 par la Juridiction nationale de lutte contre la criminalit\u00e9 organis\u00e9e (Junalco), deux hauts grad\u00e9s, la cheffe de l&rsquo;OFAST \u00e0 Marseille et son adjoint, ont \u00e9t\u00e9 mis en examen fin juin notamment pour \u00abcomplicit\u00e9 de faux en \u00e9criture publique par une personne d\u00e9positaire de l&rsquo;autorit\u00e9 publique\u00bb et \u00abviolation du secret d&rsquo;une enqu\u00eate portant sur la criminalit\u00e9 organis\u00e9e\u00bb.<\/p>\n<p>\u00abDissimulations de quantit\u00e9\u00bb<\/p>\n<p class=\"fig-paragraph\">En avril,\u00a0<a href=\"http:\/\/www.lefigaro.fr\/marseille\/soupcons-de-corruption-a-l-office-antistupefiants-de-marseille-la-chef-de-l-unite-mise-en-examen-20250626\" data-fig-type=\"NewsFlash\" data-gtm-custom-categorie=\"navigation\" data-gtm-custom-action=\"crossclick\" data-gtm-custom-label=\"Contextuel\" data-gtm-event=\"customEventSPE\" data-fig-domain=\"LEFIGARO\" rel=\"nofollow noopener\" target=\"_blank\">deux policiers de l&rsquo;OFAST de Marseille avaient d\u00e9j\u00e0 \u00e9t\u00e9 mis en examen<\/a>, puis plac\u00e9s en d\u00e9tention provisoire, eux pour trafic de stup\u00e9fiants en bande organis\u00e9e, blanchiment ou encore association de malfaiteurs. Puis en juin, un autre avait \u00e0 son tour \u00e9t\u00e9 mis en examen.<\/p>\n<p class=\"fig-paragraph\">L&rsquo;enqu\u00eate de la Junalco a r\u00e9v\u00e9l\u00e9 de possibles \u00ab\u00e9changes entre des policiers et d&rsquo;autres personnes, portant sur la cession d&rsquo;au moins 360 kg de coca\u00efne, en dehors de tout contr\u00f4le hi\u00e9rarchique, et sur la dissimulation des quantit\u00e9s r\u00e9elles arriv\u00e9es sur le territoire\u00bb.<\/p>\n<p class=\"fig-paragraph\">Sollicit\u00e9 par l&rsquo;AFP sur les perquisitions de mardi, le parquet de Paris et de la Junalco a indiqu\u00e9 n&rsquo;avoir aucun commentaire \u00e0 faire \u00e0 ce stade.<\/p>\n<p class=\"fig-paragraph\">L&rsquo;OFAST, chef de file fran\u00e7ais de la lutte contre le trafic de stup\u00e9fiants, a \u00e9t\u00e9 cr\u00e9\u00e9 en 2020 et compte plus de 200 agents, issus notamment de la police, de la gendarmerie et des douanes.<\/p>\n","protected":false},"excerpt":{"rendered":"Ces perquisitions seraient li\u00e9es au dossier d\u2019importation frauduleuse de stup\u00e9fiants surnomm\u00e9 \u00abTrident\u00bb. Elles concerneraient un commandant de police&hellip;\n","protected":false},"author":2,"featured_media":268069,"comment_status":"","ping_status":"","sticky":false,"template":"","format":"standard","meta":{"footnotes":""},"categories":[2814],"tags":[1111,11,1777,674,1011,27,35088,884,12,2402,882,25],"class_list":{"0":"post-268068","1":"post","2":"type-post","3":"status-publish","4":"format-standard","5":"has-post-thumbnail","7":"category-marseille","8":"tag-actu","9":"tag-actualites","10":"tag-eu","11":"tag-europe","12":"tag-fr","13":"tag-france","14":"tag-igpn","15":"tag-marseille","16":"tag-news","17":"tag-perquisition","18":"tag-provence-alpes-cote-dazur","19":"tag-republique-francaise"},"share_on_mastodon":{"url":"https:\/\/pubeurope.com\/@fr\/114902732851074850","error":""},"_links":{"self":[{"href":"https:\/\/www.europesays.com\/fr\/wp-json\/wp\/v2\/posts\/268068","targetHints":{"allow":["GET"]}}],"collection":[{"href":"https:\/\/www.europesays.com\/fr\/wp-json\/wp\/v2\/posts"}],"about":[{"href":"https:\/\/www.europesays.com\/fr\/wp-json\/wp\/v2\/types\/post"}],"author":[{"embeddable":true,"href":"https:\/\/www.europesays.com\/fr\/wp-json\/wp\/v2\/users\/2"}],"replies":[{"embeddable":true,"href":"https:\/\/www.europesays.com\/fr\/wp-json\/wp\/v2\/comments?post=268068"}],"version-history":[{"count":0,"href":"https:\/\/www.europesays.com\/fr\/wp-json\/wp\/v2\/posts\/268068\/revisions"}],"wp:featuredmedia":[{"embeddable":true,"href":"https:\/\/www.europesays.com\/fr\/wp-json\/wp\/v2\/media\/268069"}],"wp:attachment":[{"href":"https:\/\/www.europesays.com\/fr\/wp-json\/wp\/v2\/media?parent=268068"}],"wp:term":[{"taxonomy":"category","embeddable":true,"href":"https:\/\/www.europesays.com\/fr\/wp-json\/wp\/v2\/categories?post=268068"},{"taxonomy":"post_tag","embeddable":true,"href":"https:\/\/www.europesays.com\/fr\/wp-json\/wp\/v2\/tags?post=268068"}],"curies":[{"name":"wp","href":"https:\/\/api.w.org\/{rel}","templated":true}]}}