{"id":268084,"date":"2025-07-23T13:22:11","date_gmt":"2025-07-23T13:22:11","guid":{"rendered":"https:\/\/www.europesays.com\/fr\/268084\/"},"modified":"2025-07-23T13:22:11","modified_gmt":"2025-07-23T13:22:11","slug":"justice-le-parquet-de-paris-confirme-requerir-un-proces-pour-viols-contre-gerard-depardieu","status":"publish","type":"post","link":"https:\/\/www.europesays.com\/fr\/268084\/","title":{"rendered":"Justice. Le parquet de Paris confirme requ\u00e9rir un proc\u00e8s pour viols contre G\u00e9rard Depardieu"},"content":{"rendered":"<p>Le parquet de Paris a de nouveau requis mardi contre l&rsquo;acteur <a href=\"https:\/\/www.ledauphine.com\/p\/gerard-depardieu\" target=\"_blank\" rel=\"nofollow noopener\">G\u00e9rard Depardieu<\/a> un proc\u00e8s pour viols et agressions sexuelles sur la com\u00e9dienne Charlotte Arnould, apr\u00e8s de premi\u00e8res r\u00e9quisitions en ce sens en ao\u00fbt 2024 qui n&rsquo;\u00e9taient plus valides pour raisons proc\u00e9durales.<\/p>\n<p>Le minist\u00e8re public a confirm\u00e9 avoir \u00ab requis \u00bb mardi \u00ab le renvoi de G\u00e9rard Depardieu devant la cour criminelle d\u00e9partementale de Paris, pour \u00eatre jug\u00e9 des infractions de viols et agressions sexuelles au pr\u00e9judice de Charlotte Arnould les 7 et 13 ao\u00fbt 2018. \u00bb<\/p>\n<p>\u00ab Quel soulagement. Je reste encore prudente, il faut attendre l&rsquo;ordonnance de mise en accusation du juge d&rsquo;instruction. Bient\u00f4t sept ans&#8230; \u00bb, a comment\u00e9 Charlotte Arnould sur Instagram.<\/p>\n<p>  Une autre audience le 2 octobre<\/p>\n<p>Le parquet de Paris avait d\u00e9j\u00e0 <a href=\"https:\/\/www.ledauphine.com\/faits-divers-justice\/2024\/08\/22\/affaire-depardieu-un-proces-pour-viol-recquis-a-l-encontre-de-l-acteur\" target=\"_blank\" rel=\"nofollow noopener\">pris de telles r\u00e9quisitions<\/a> le 14 ao\u00fbt 2024, mais depuis, l&rsquo;enqu\u00eate a \u00e9t\u00e9 rouverte apr\u00e8s une demande d&rsquo;expertise de l&rsquo;acteur sur <a href=\"https:\/\/www.ledauphine.com\/faits-divers-justice\/2024\/12\/08\/affaire-depardieu-la-bataille-autour-des-rushes-diffuses-par-complement-d-enquete-continue\" target=\"_blank\" rel=\"nofollow noopener\">ses propos sexuels et sexistes tenus lors d&rsquo;un tournage en Cor\u00e9e du Nord,<\/a> r\u00e9v\u00e9l\u00e9s par \u00ab Compl\u00e9ment d&rsquo;enqu\u00eate \u00bb (France 2) en d\u00e9cembre 2023 et qui avaient fait scandale.<\/p>\n<p>G\u00e9rard Depardieu y multipliait les commentaires misogynes et insultants dans un haras, notamment \u00e0 un moment o\u00f9 \u00e0 l&rsquo;\u00e9cran, une fillette faisait du cheval, mais affirmait que ses propos visaient une autre femme, adulte, et qu&rsquo;il s&rsquo;agissait d&rsquo;une sc\u00e8ne de fiction.<\/p>\n<p>Dans l&rsquo;expertise rendue mi-mai, <a href=\"https:\/\/www.ledauphine.com\/faits-divers-justice\/2025\/06\/17\/gerard-depardieu-en-coree-du-nord-l-acteur-a-bien-sexualise-une-jeune-fille-selon-une-expertise\" target=\"_blank\" rel=\"nofollow noopener\">un expert informatique a tranch\u00e9<\/a>, estimant que ces propos \u00ab ont \u00e9t\u00e9 adress\u00e9s \u00e0 l&rsquo;\u00e9gard d&rsquo;une fillette \u00e9voluant sur un poney \u00bb.<\/p>\n<p>La question de savoir si les images ont \u00e9t\u00e9 manipul\u00e9es fera l&rsquo;objet d&rsquo;une audience correctionnelle le 2 octobre. Dans le cadre de cette proc\u00e9dure distincte, une autre expertise, civile cette fois, est en attente.<\/p>\n<p>  La d\u00e9cision finale pour la magistrate instructrice<\/p>\n<p>Son avocat, Me J\u00e9r\u00e9mie Assous, estime que \u00ab le non-lieu s&rsquo;impose \u00bb. D&rsquo;apr\u00e8s lui, \u00ab les vid\u00e9os de surveillance prouvent qu\u2019il n&rsquo;y a eu aucune agression: on voit (Charlotte Arnould) embrasser (G\u00e9rard Depardieu) pendant plus de quarante secondes, d\u00e9signer l&rsquo;escalier qui m\u00e8ne \u00e0 la chambre et y monter seule, en souriant. Elle lui \u00e9crit le lendemain de sa visite qu&rsquo;elle l&rsquo;aime et qu\u2019elle n&rsquo;est jamais aussi bien que dans ses bras \u00bb.<\/p>\n<p>Pour ce conseil, Charlotte Arnould est \u00ab disqualifi\u00e9e \u00bb par les \u00ab six \u00bb accusations de viol et d&rsquo;agression qu\u2019elle a port\u00e9es contre d&rsquo;autres personnes, dont \u00ab aucune (&#8230;) n&rsquo;a \u00e9t\u00e9 consid\u00e9r\u00e9e comme s\u00e9rieuse \u00bb par la justice.<\/p>\n<p>De son c\u00f4t\u00e9, l&rsquo;avocate de Charlotte Arnould, Me Carine Durrieu-Diebolt, a pr\u00e9sent\u00e9 sur LinkedIn ces nouvelles r\u00e9quisitions comme une \u00ab avanc\u00e9e vers une reconnaissance pour ma cliente \u00bb.<\/p>\n<p>La d\u00e9cision finale sur un proc\u00e8s \u00e9ventuel appartient d\u00e9sormais \u00e0 la magistrate instructrice.Selon la source proche du dossier, des recours de G\u00e9rard Depardieu sur cette expertise doivent encore \u00eatre \u00e9tudi\u00e9s en appel.<\/p>\n","protected":false},"excerpt":{"rendered":"Le parquet de Paris a de nouveau requis mardi contre l&rsquo;acteur G\u00e9rard Depardieu un proc\u00e8s pour viols et&hellip;\n","protected":false},"author":2,"featured_media":268085,"comment_status":"","ping_status":"","sticky":false,"template":"","format":"standard","meta":{"footnotes":""},"categories":[1888],"tags":[11,650,1777,674,274,107,1011,27,329,12,626,973,25],"class_list":{"0":"post-268084","1":"post","2":"type-post","3":"status-publish","4":"format-standard","5":"has-post-thumbnail","7":"category-paris","8":"tag-actualites","9":"tag-cinema","10":"tag-eu","11":"tag-europe","12":"tag-faits-divers-justice","13":"tag-fil-info","14":"tag-fr","15":"tag-france","16":"tag-france-monde","17":"tag-news","18":"tag-paris","19":"tag-people","20":"tag-republique-francaise"},"share_on_mastodon":{"url":"https:\/\/pubeurope.com\/@fr\/114902764408411025","error":""},"_links":{"self":[{"href":"https:\/\/www.europesays.com\/fr\/wp-json\/wp\/v2\/posts\/268084","targetHints":{"allow":["GET"]}}],"collection":[{"href":"https:\/\/www.europesays.com\/fr\/wp-json\/wp\/v2\/posts"}],"about":[{"href":"https:\/\/www.europesays.com\/fr\/wp-json\/wp\/v2\/types\/post"}],"author":[{"embeddable":true,"href":"https:\/\/www.europesays.com\/fr\/wp-json\/wp\/v2\/users\/2"}],"replies":[{"embeddable":true,"href":"https:\/\/www.europesays.com\/fr\/wp-json\/wp\/v2\/comments?post=268084"}],"version-history":[{"count":0,"href":"https:\/\/www.europesays.com\/fr\/wp-json\/wp\/v2\/posts\/268084\/revisions"}],"wp:featuredmedia":[{"embeddable":true,"href":"https:\/\/www.europesays.com\/fr\/wp-json\/wp\/v2\/media\/268085"}],"wp:attachment":[{"href":"https:\/\/www.europesays.com\/fr\/wp-json\/wp\/v2\/media?parent=268084"}],"wp:term":[{"taxonomy":"category","embeddable":true,"href":"https:\/\/www.europesays.com\/fr\/wp-json\/wp\/v2\/categories?post=268084"},{"taxonomy":"post_tag","embeddable":true,"href":"https:\/\/www.europesays.com\/fr\/wp-json\/wp\/v2\/tags?post=268084"}],"curies":[{"name":"wp","href":"https:\/\/api.w.org\/{rel}","templated":true}]}}