{"id":268086,"date":"2025-07-23T13:23:14","date_gmt":"2025-07-23T13:23:14","guid":{"rendered":"https:\/\/www.europesays.com\/fr\/268086\/"},"modified":"2025-07-23T13:23:14","modified_gmt":"2025-07-23T13:23:14","slug":"il-avait-affirme-que-la-france-etait-lune-des-cibles-prioritaires-de-la-russie-le-chef-des-armees-francaises-thierry-burkhard-demissionne","status":"publish","type":"post","link":"https:\/\/www.europesays.com\/fr\/268086\/","title":{"rendered":"Il avait affirm\u00e9 que la France \u00e9tait \u00ab\u00a0l\u2019une des cibles prioritaires de la Russie\u00a0\u00bb\u00a0: le chef des arm\u00e9es fran\u00e7aises Thierry Burkhard d\u00e9missionne"},"content":{"rendered":"<p>\n                                                                Il sera remplac\u00e9 par le g\u00e9n\u00e9ral d\u2019arm\u00e9e a\u00e9rienne Fabien Mandon.\n                            <\/p>\n<p>Le chef des arm\u00e9es fran\u00e7aises Thierry Burkhard a d\u00e9missionn\u00e9 de son poste, a annonc\u00e9 le ministre des Arm\u00e9es S\u00e9bastien Lecornu sur son compte X ce mercredi.<\/p>\n<p>\u00ab\u00a0Reconnaissance et remerciements au g\u00e9n\u00e9ral d\u2019arm\u00e9e Thierry Burkhard, qui a servi la France au plus haut niveau durant quatre ann\u00e9es comme\u00a0Chef d\u2019\u00e9tat-major des Arm\u00e9es, a \u00e9crit le ministre sur X ce mercredi 23\u00a0juillet. Son commandement s\u2019est distingu\u00e9 par une vision strat\u00e9gique lucide des menaces et par sa volont\u00e9 constante d\u2019adapter nos arm\u00e9es pour y faire face\u00a0\u00bb, a-t-il encore lou\u00e9.<\/p>\n<blockquote data-class=\"twitter-tweet\">\n<p lang=\"fr\" dir=\"ltr\">Reconnaissance et remerciements au g\u00e9n\u00e9ral d\u2019arm\u00e9e Thierry Burkhard, qui a servi la France au plus haut niveau durant quatre ann\u00e9es comme Chef d\u2019\u00e9tat-major des Arm\u00e9es.<\/p>\n<p>Son commandement s\u2019est distingu\u00e9 par une vision strat\u00e9gique lucide des menaces et par sa volont\u00e9 constante\u2026<\/p>\n<p>\u2014 S\u00e9bastien Lecornu (@SebLecornu) <a href=\"https:\/\/twitter.com\/SebLecornu\/status\/1947954544815796693?ref_src=twsrc%5Etfw\" rel=\"nofollow noopener\" target=\"_blank\">July 23, 2025<\/a><\/p><\/blockquote>\n<p>Quatre ans \u00e0 la t\u00eate des Arm\u00e9es<\/p>\n<p>Le d\u00e9sormais ex-chef d\u2019\u00e9tat-major de l\u2019arm\u00e9e de Terre avait pris la t\u00eate de toutes les arm\u00e9es le 22\u00a0juillet 2021 en succ\u00e9dant au g\u00e9n\u00e9ral Fran\u00e7ois Lecointre. Il aura pass\u00e9 quatre ans \u00e0 la t\u00eate des Arm\u00e9es comme son pr\u00e9d\u00e9cesseur.<\/p>\n<p>Cette annonce intervient quelques jours apr\u00e8s une\u00a0rare conf\u00e9rence\u00a0de presse qu\u2019il a donn\u00e9e, pendant laquelle il a \u00e9voqu\u00e9 les risques repr\u00e9sent\u00e9s par l\u2019arm\u00e9e russe. Il avait affirm\u00e9 que Paris \u00e9tait \u00ab\u00a0l\u2019une des cibles prioritaires\u00a0\u00bb de la Russie en mati\u00e8re de guerre informationnelle.<\/p>\n<blockquote data-class=\"twitter-tweet\">\n<p lang=\"fr\" dir=\"ltr\">Guerre en Ukraine\u00a0: La France, ennemi num\u00e9ro un du Kremlin\u00a0? Le chef d\u2019\u00e9tat-major des arm\u00e9es fran\u00e7aises Thierry Burkhard affirme que Paris est la cible prioritaire de la Russie <a href=\"https:\/\/t.co\/nVoqTzJsVS\" rel=\"nofollow\">https:\/\/t.co\/nVoqTzJsVS<\/a> via <a href=\"https:\/\/twitter.com\/lindependant?ref_src=twsrc%5Etfw\" rel=\"nofollow noopener\" target=\"_blank\">@lindependant<\/a><\/p>\n<p>\u2014 L&rsquo;Ind\u00e9pendant (@lindependant) <a href=\"https:\/\/twitter.com\/lindependant\/status\/1943625009835970651?ref_src=twsrc%5Etfw\" rel=\"nofollow noopener\" target=\"_blank\">July 11, 2025<\/a><\/p><\/blockquote>\n<p>Il sera remplac\u00e9 par le g\u00e9n\u00e9ral d\u2019arm\u00e9e a\u00e9rienne Fabien Mandon, actuel chef d\u2019\u00e9tat-major particulier du pr\u00e9sident de la R\u00e9publique, a pr\u00e9cis\u00e9 S\u00e9bastien Lecorrnu.<\/p>\n<p>                                                                                                                                                                                                        <script async src=\"https:\/\/platform.twitter.com\/widgets.js\" charset=\"utf-8\"><\/script><\/p>\n","protected":false},"excerpt":{"rendered":"Il sera remplac\u00e9 par le g\u00e9n\u00e9ral d\u2019arm\u00e9e a\u00e9rienne Fabien Mandon. Le chef des arm\u00e9es fran\u00e7aises Thierry Burkhard a&hellip;\n","protected":false},"author":2,"featured_media":268087,"comment_status":"","ping_status":"","sticky":false,"template":"","format":"standard","meta":{"footnotes":""},"categories":[1591],"tags":[11,1887,12,1885,1886,132],"class_list":{"0":"post-268086","1":"post","2":"type-post","3":"status-publish","4":"format-standard","5":"has-post-thumbnail","7":"category-russie","8":"tag-actualites","9":"tag-federation-de-russie","10":"tag-news","11":"tag-russia","12":"tag-russian-federation","13":"tag-russie"},"share_on_mastodon":{"url":"https:\/\/pubeurope.com\/@fr\/114902768234113958","error":""},"_links":{"self":[{"href":"https:\/\/www.europesays.com\/fr\/wp-json\/wp\/v2\/posts\/268086","targetHints":{"allow":["GET"]}}],"collection":[{"href":"https:\/\/www.europesays.com\/fr\/wp-json\/wp\/v2\/posts"}],"about":[{"href":"https:\/\/www.europesays.com\/fr\/wp-json\/wp\/v2\/types\/post"}],"author":[{"embeddable":true,"href":"https:\/\/www.europesays.com\/fr\/wp-json\/wp\/v2\/users\/2"}],"replies":[{"embeddable":true,"href":"https:\/\/www.europesays.com\/fr\/wp-json\/wp\/v2\/comments?post=268086"}],"version-history":[{"count":0,"href":"https:\/\/www.europesays.com\/fr\/wp-json\/wp\/v2\/posts\/268086\/revisions"}],"wp:featuredmedia":[{"embeddable":true,"href":"https:\/\/www.europesays.com\/fr\/wp-json\/wp\/v2\/media\/268087"}],"wp:attachment":[{"href":"https:\/\/www.europesays.com\/fr\/wp-json\/wp\/v2\/media?parent=268086"}],"wp:term":[{"taxonomy":"category","embeddable":true,"href":"https:\/\/www.europesays.com\/fr\/wp-json\/wp\/v2\/categories?post=268086"},{"taxonomy":"post_tag","embeddable":true,"href":"https:\/\/www.europesays.com\/fr\/wp-json\/wp\/v2\/tags?post=268086"}],"curies":[{"name":"wp","href":"https:\/\/api.w.org\/{rel}","templated":true}]}}