{"id":268096,"date":"2025-07-23T13:28:15","date_gmt":"2025-07-23T13:28:15","guid":{"rendered":"https:\/\/www.europesays.com\/fr\/268096\/"},"modified":"2025-07-23T13:28:15","modified_gmt":"2025-07-23T13:28:15","slug":"laccord-de-schengen-a-40-ans-sa-raison-detre-peut-elle-survivre","status":"publish","type":"post","link":"https:\/\/www.europesays.com\/fr\/268096\/","title":{"rendered":"L&rsquo;accord de Schengen a 40 ans. Sa raison d&rsquo;\u00eatre peut-elle survivre\u00a0?"},"content":{"rendered":"<p>\n         Publi\u00e9 le<br \/>\n            23\/07\/2025 &#8211; 15:00 UTC+2\n            <\/p>\n<p>            <img decoding=\"async\" class=\"c-ad__placeholder__logo\" src=\"https:\/\/static.euronews.com\/website\/images\/logos\/logo-euronews-grey-6-180x22.svg\" width=\"180\" height=\"22\" alt=\"\" loading=\"lazy\"\/><br \/>\n            PUBLICIT\u00c9<\/p>\n<p>Un bon exemple des dilemmes actuels auxquels le trait\u00e9 de Schengen est confront\u00e9 se trouve le long de la fronti\u00e8re germano-polonaise dans les villes frontali\u00e8res de G\u00f6rlitz (Allemagne) et de Zgorzelec (Pologne), divis\u00e9es par la rivi\u00e8re Neisse de Lusace.<\/p>\n<p>En 2023, citant sa lutte continue contre la migration ill\u00e9gale, l&rsquo;Allemagne a impos\u00e9 des mesures temporaires ici, comme partout le long de sa fronti\u00e8re avec la Pologne. \u00c0 leur tour, les autorit\u00e9s polonaises ont impos\u00e9 des contr\u00f4les temporaires le 7 juillet 2025. Les habitants des deux c\u00f4t\u00e9s de la fronti\u00e8re en subissent les cons\u00e9quences, y compris d&rsquo;\u00e9normes embouteillages.\u00a0<\/p>\n<p>Prenons par exemple l&rsquo;analyste de donn\u00e9es Jakub Woli\u0144ski, \u00e2g\u00e9 de 37\u00a0ans. Il vit et travaille du c\u00f4t\u00e9 allemand de cette ville frontali\u00e8re, mais il est n\u00e9 du c\u00f4t\u00e9 polonais. Fr\u00e9quent navetteur transfrontalier, il est en premi\u00e8re ligne de la nouvelle r\u00e9alit\u00e9. \u00ab\u00a0Il n&rsquo;y a pas d&rsquo;augmentation des mouvements de personnes traversant ill\u00e9galement la fronti\u00e8re ici. C&rsquo;est une expression compl\u00e8tement inutile de m\u00e9fiance envers les voisins qui vivent de l&rsquo;autre c\u00f4t\u00e9 de la rivi\u00e8re\u00a0\u00bb, dit-il.\u00a0<\/p>\n<p>Le week-end ou les jours f\u00e9ri\u00e9s, les contr\u00f4les allemands font souvent des ravages dans les rues du c\u00f4t\u00e9 polonais. M\u00eame le propri\u00e9taire italien d&rsquo;un glacier pr\u00e8s du poste de contr\u00f4le est m\u00e9content.\u00a0<\/p>\n<p>\u00ab\u00a0La ville devient compl\u00e8tement bloqu\u00e9e. Il est tr\u00e8s difficile pour nous de travailler, car les clients ne peuvent pas se rendre ici en voiture, de sorte que ceux qui ne vivent pas \u00e0 proximit\u00e9 ne viennent pas\u00a0\u00bb, explique Antonio Scaramozzino. \u00a0<\/p>\n<p>Les r\u00e9sidents du c\u00f4t\u00e9 polonais recueillent des signatures pour une p\u00e9tition de protestation adress\u00e9e \u00e0 la Commission europ\u00e9enne. Jakub est all\u00e9 encore plus loin. Il a poursuivi le gouvernement allemand.\u00a0<\/p>\n<p>\u00ab\u00a0Je crois fermement que les d\u00e9cisions des autorit\u00e9s allemandes limitent ma libert\u00e9 de circulation dans les zones frontali\u00e8res. Si je pouvais parler \u00e0 des repr\u00e9sentants du gouvernement allemand, je voudrais leur demander si le fait de supporter tous ces co\u00fbts justifie vraiment les avantages.\u00a0\u00bb<\/p>\n<p>Nous avons pos\u00e9 la question \u00e0 la police f\u00e9d\u00e9rale allemande. Elle affirme qu&rsquo;elle travaille dur pour minimiser l&rsquo;impact de ses contr\u00f4les. Mais elle indique qu&rsquo;elle a un mandat l\u00e9gal qui s&rsquo;est av\u00e9r\u00e9 efficace jusqu&rsquo;\u00e0 pr\u00e9sent.<\/p>\n<p>\u00ab\u00a0Dans mon d\u00e9partement, en mai de cette ann\u00e9e, nous avons signal\u00e9 plus de 175 personnes pour non-respect de leur droit de r\u00e9sidence. En outre, nous avons \u00e9galement signal\u00e9 141 personnes pour avoir commis d&rsquo;autres crimes\u00a0\u00bb, affirme Michael Engler, porte-parole de la police f\u00e9d\u00e9rale allemande<\/p>\n<p>Malgr\u00e9 ces statistiques, Jakub consid\u00e8re son proc\u00e8s contre l&rsquo;Allemagne comme un signal d&rsquo;alarme pour les membres de l\u2019espace Schengen et les institutions de l&rsquo;UE afin de reconsid\u00e9rer leur approche actuelle. \u00ab\u00a0Si nous, les citoyens, ne prenons pas les choses en main et ne faisons pas comprendre \u00e0 nos gouvernements qu&rsquo;il s&rsquo;agit d&rsquo;une question importante pour laquelle il faut se battre, alors je crains que l&rsquo;espace Schengen ne s&rsquo;effondre\u00a0\u00bb, dit-il.\u00a0<\/p>\n<p>Est-ce la fin du r\u00eave Schengen\u00a0?<\/p>\n<p>Les \u00c9tats peuvent en effet r\u00e9tablir les contr\u00f4les dans des conditions strictes. La plus grande question juridique, et symbolique, n&rsquo;est pas la d\u00e9cision elle-m\u00eame, mais sa justification et son calendrier, explique Jolanta Szyma\u0144ska, coordinatrice du programme de l&rsquo;UE \u00e0 l&rsquo;Institut polonais des affaires internationales. Elle est experte en mati\u00e8re de politique migratoire et d\u2019affaires int\u00e9rieures de l&rsquo;UE.\u00a0<\/p>\n<p>\u00ab\u00a0Tous les contr\u00f4les doivent \u00eatre r\u00e9alis\u00e9s \u00e0 une heure sp\u00e9cifique. Et comme le nom est \u00ab\u00a0introduction temporaire\u00a0\u00bb, cela ne devrait pas devenir permanent. Mais certains pays ont appliqu\u00e9 des contr\u00f4les aux fronti\u00e8res pendant une d\u00e9cennie\u00a0\u00bb, conclut-elle.\u00a0<\/p>\n","protected":false},"excerpt":{"rendered":"Publi\u00e9 le 23\/07\/2025 &#8211; 15:00 UTC+2 PUBLICIT\u00c9 Un bon exemple des dilemmes actuels auxquels le trait\u00e9 de Schengen&hellip;\n","protected":false},"author":2,"featured_media":268097,"comment_status":"","ping_status":"","sticky":false,"template":"","format":"standard","meta":{"footnotes":""},"categories":[1586],"tags":[11,672,30495,5124,1777,674,1011,27,12,17749,2437,25,364],"class_list":{"0":"post-268096","1":"post","2":"type-post","3":"status-publish","4":"format-standard","5":"has-post-thumbnail","7":"category-europe","8":"tag-actualites","9":"tag-allemagne","10":"tag-controle-des-frontieres","11":"tag-espace-schengen","12":"tag-eu","13":"tag-europe","14":"tag-fr","15":"tag-france","16":"tag-news","17":"tag-politique-europeenne","18":"tag-pologne","19":"tag-republique-francaise","20":"tag-union-europeenne"},"share_on_mastodon":{"url":"https:\/\/pubeurope.com\/@fr\/114902787971852340","error":""},"_links":{"self":[{"href":"https:\/\/www.europesays.com\/fr\/wp-json\/wp\/v2\/posts\/268096","targetHints":{"allow":["GET"]}}],"collection":[{"href":"https:\/\/www.europesays.com\/fr\/wp-json\/wp\/v2\/posts"}],"about":[{"href":"https:\/\/www.europesays.com\/fr\/wp-json\/wp\/v2\/types\/post"}],"author":[{"embeddable":true,"href":"https:\/\/www.europesays.com\/fr\/wp-json\/wp\/v2\/users\/2"}],"replies":[{"embeddable":true,"href":"https:\/\/www.europesays.com\/fr\/wp-json\/wp\/v2\/comments?post=268096"}],"version-history":[{"count":0,"href":"https:\/\/www.europesays.com\/fr\/wp-json\/wp\/v2\/posts\/268096\/revisions"}],"wp:featuredmedia":[{"embeddable":true,"href":"https:\/\/www.europesays.com\/fr\/wp-json\/wp\/v2\/media\/268097"}],"wp:attachment":[{"href":"https:\/\/www.europesays.com\/fr\/wp-json\/wp\/v2\/media?parent=268096"}],"wp:term":[{"taxonomy":"category","embeddable":true,"href":"https:\/\/www.europesays.com\/fr\/wp-json\/wp\/v2\/categories?post=268096"},{"taxonomy":"post_tag","embeddable":true,"href":"https:\/\/www.europesays.com\/fr\/wp-json\/wp\/v2\/tags?post=268096"}],"curies":[{"name":"wp","href":"https:\/\/api.w.org\/{rel}","templated":true}]}}