{"id":268100,"date":"2025-07-23T13:30:11","date_gmt":"2025-07-23T13:30:11","guid":{"rendered":"https:\/\/www.europesays.com\/fr\/268100\/"},"modified":"2025-07-23T13:30:11","modified_gmt":"2025-07-23T13:30:11","slug":"qui-est-le-general-fabien-mandon-le-nouveau-chef-detat-major-des-armees-francaises","status":"publish","type":"post","link":"https:\/\/www.europesays.com\/fr\/268100\/","title":{"rendered":"Qui est le g\u00e9n\u00e9ral Fabien Mandon, le nouveau chef d\u2019\u00e9tat-major des arm\u00e9es fran\u00e7aises\u00a0?"},"content":{"rendered":"<p>Du nouveau \u00e0 la t\u00eate des arm\u00e9es fran\u00e7aises. Le <a href=\"https:\/\/www.20minutes.fr\/societe\/4031316-20230405-fabien-mandon-pilote-chasse-nomme-chef-etat-major-particulier-president\" class=\"color-ultramarine c-link\" target=\"_blank\" rel=\"noopener\">g\u00e9n\u00e9ral d\u2019arm\u00e9e a\u00e9rienne Fabien Mandon<\/a>, actuel chef d\u2019\u00e9tat-major particulier du pr\u00e9sident Emmanuel Macron, a \u00e9t\u00e9 d\u00e9sign\u00e9 chef-d\u2019\u00e9tat major des arm\u00e9es fran\u00e7aises, a annonc\u00e9 mercredi le ministre des Arm\u00e9es S\u00e9bastien Lecornu. L\u2019ancien pilote de chasse de 55 ans remplace le g\u00e9n\u00e9ral Thierry Burkhard, de l\u2019arm\u00e9e de Terre, et qui avait \u00e9t\u00e9 prolong\u00e9 \u00e0 son poste il y a un an.<\/p>\n<p>\u00ab\u00a0Reconnaissance et remerciements au g\u00e9n\u00e9ral d\u2019arm\u00e9e Thierry Burkhard, qui a servi la France au plus haut niveau durant quatre ann\u00e9es comme Chef d\u2019\u00e9tat-major des Arm\u00e9es\u00a0\u00bb, a post\u00e9 le ministre sur X. \u00ab\u00a0Sur d\u00e9cision du Pr\u00e9sident de la R\u00e9publique, le g\u00e9n\u00e9ral d\u2019arm\u00e9e a\u00e9rienne Fabien Mandon lui succ\u00e9dera\u00a0\u00bb, ajoute-t-il.<\/p>\n<p>Premier aviateur \u00e0 acc\u00e9der \u00e0 cette fonction strat\u00e9gique depuis 30 ans<\/p>\n<p>Le g\u00e9n\u00e9ral Thierry Burkhard, 60 ans, avait anticip\u00e9 le retour de la guerre inter\u00e9tatique et fut le chef d\u2019orchestre de ce changement de paradigme pour les arm\u00e9es fran\u00e7aises. Son d\u00e9part potentiel agitait le monde politico-militaire depuis des mois, au terme d\u2019un commandement dense et riche.<\/p>\n<\/p>\n<p>Ancien pilote de Mirage (F1 puis 2000D), avec l\u2019indicatif radio \u00ab\u00a0Madoon\u00a0\u00bb, Fabien Mandon, est le premier aviateur \u00e0 acc\u00e9der \u00e0 la fonction depuis le g\u00e9n\u00e9ral Jean-Philippe Douin il y a 30 ans (1995-1998). Il a \u00e9t\u00e9 d\u00e9ploy\u00e9 \u00e0 l\u2019\u00e9tranger, comme en Centrafrique, au Tchad, ou \u00e0 Douchanb\u00e9 (Tadjikistan) d\u2019o\u00f9 il effectuait des missions en Afghanistan.<\/p>\n<p>Humeur \u00e9gale<\/p>\n<p>\u00ab\u00a0En Afghanistan, j\u2019ai tu\u00e9. Et je sais qui j\u2019ai tu\u00e9. Des <a href=\"https:\/\/www.20minutes.fr\/monde\/taliban\/\" class=\"color-ultramarine c-link\" target=\"_blank\" rel=\"noopener\">talibans<\/a>. J\u2019ai une \u00e2me de combattant\u00a0\u00bb, d\u00e9clarait-il dans un r\u00e9cent entretien au magazine <a href=\"https:\/\/www.lexpress.fr\/societe\/quand-il-cause-on-lecoute-fabien-mandon-le-general-qui-murmure-a-loreille-demmanuel-macron-JQH2CLEK7FFIFCA5A5TDDD46DI\/?cmp_redirect=true\" target=\"_blank\" class=\"color-ultramarine c-link\" rel=\"noopener\">L\u2019Express<\/a>. \u00ab\u00a0\u00catre chef, ce n\u2019est pas avoir les poils qui sortent de la chemise. C\u2019est \u00eatre juste, r\u00e9fl\u00e9chi, d\u00e9l\u00e9guer, savoir \u00eatre ferme quand il faut\u00a0\u00bb, ajoutait celui qui a aussi command\u00e9 la base d\u2019Avord (Cher), site cl\u00e9 de la composante a\u00e9roport\u00e9e de la dissuasion nucl\u00e9aire fran\u00e7aise.<\/p>\n<p>\u00ab\u00a0Il a d\u00e9livr\u00e9 de l\u2019armement au combat, il a eu la croix de la valeur militaire\u00a0\u00bb, souligne \u00e0 l\u2019AFP un pilote de chasse camarade d\u2019escadron. \u00ab\u00a0Une chose caract\u00e9ristique, c\u2019est qu\u2019il est toujours d\u2019humeur \u00e9gale, d\u2019une z\u00e9nitude incroyable, toujours le sourire aux l\u00e8vres. Il a une r\u00e9silience de dingue\u00a0\u00bb, dit de lui \u00e0 l\u2019AFP un autre camarade, pilote de Mirage 2000D.<\/p>\n<p>Pass\u00e9 du terrain aux bureaux<\/p>\n<p>\u00ab\u00a0Cela fait huit ans qu\u2019il suit les dossiers politico-militaires\u00a0\u00bb, rappelle-t-il aussi, alors que Fabien Mandon est pass\u00e9 par la Direction g\u00e9n\u00e9rale des relations internationales et de la strat\u00e9gie, charg\u00e9e d\u2019alimenter la r\u00e9flexion strat\u00e9gique des Arm\u00e9es. Il a fait un premier passage comme adjoint au chef d\u2019\u00e9tat-major particulier du pr\u00e9sident, avant d\u2019aller au cabinet de la ministre des Arm\u00e9es Florence Parly, puis S\u00e9bastien Lecornu, avant de devenir chef d\u2019\u00e9tat-major particulier du pr\u00e9sident en\u00a02023.<\/p>\n<p>Le chef d\u2019\u00e9tat-major particulier du pr\u00e9sident est le plus proche conseiller militaire du pr\u00e9sident de la R\u00e9publique, chef des arm\u00e9es, et occupe un r\u00f4le cl\u00e9, notamment dans la dissuasion nucl\u00e9aire, puisque c\u2019est notamment lui qui lui parle du sujet le jour de son investiture. Le nom du futur chef d\u2019\u00e9tat-major particulier du pr\u00e9sident n\u2019est pas encore connu.<\/p>\n","protected":false},"excerpt":{"rendered":"Du nouveau \u00e0 la t\u00eate des arm\u00e9es fran\u00e7aises. Le g\u00e9n\u00e9ral d\u2019arm\u00e9e a\u00e9rienne Fabien Mandon, actuel chef d\u2019\u00e9tat-major particulier&hellip;\n","protected":false},"author":2,"featured_media":268101,"comment_status":"","ping_status":"","sticky":false,"template":"","format":"standard","meta":{"footnotes":""},"categories":[2],"tags":[47,11,879,1813,25702,2120,1073,674,1011,27,418,1146,131,3579,1876,3784,12,4919,25,132,11067,104,2049],"class_list":{"0":"post-268100","1":"post","2":"type-post","3":"status-publish","4":"format-standard","5":"has-post-thumbnail","7":"category-actualites","8":"tag-actualite","9":"tag-actualites","10":"tag-afrique","11":"tag-armee","12":"tag-armee-de-lair","13":"tag-conflit","14":"tag-emmanuel-macron","15":"tag-europe","16":"tag-fr","17":"tag-france","18":"tag-gouvernement","19":"tag-guerre","20":"tag-guerre-en-ukraine","21":"tag-militaire","22":"tag-ministere-de-la-defense","23":"tag-ministre","24":"tag-news","25":"tag-president","26":"tag-republique-francaise","27":"tag-russie","28":"tag-sebastien-lecornu","29":"tag-societe","30":"tag-soldat"},"share_on_mastodon":{"url":"https:\/\/pubeurope.com\/@fr\/114902795782509860","error":""},"_links":{"self":[{"href":"https:\/\/www.europesays.com\/fr\/wp-json\/wp\/v2\/posts\/268100","targetHints":{"allow":["GET"]}}],"collection":[{"href":"https:\/\/www.europesays.com\/fr\/wp-json\/wp\/v2\/posts"}],"about":[{"href":"https:\/\/www.europesays.com\/fr\/wp-json\/wp\/v2\/types\/post"}],"author":[{"embeddable":true,"href":"https:\/\/www.europesays.com\/fr\/wp-json\/wp\/v2\/users\/2"}],"replies":[{"embeddable":true,"href":"https:\/\/www.europesays.com\/fr\/wp-json\/wp\/v2\/comments?post=268100"}],"version-history":[{"count":0,"href":"https:\/\/www.europesays.com\/fr\/wp-json\/wp\/v2\/posts\/268100\/revisions"}],"wp:featuredmedia":[{"embeddable":true,"href":"https:\/\/www.europesays.com\/fr\/wp-json\/wp\/v2\/media\/268101"}],"wp:attachment":[{"href":"https:\/\/www.europesays.com\/fr\/wp-json\/wp\/v2\/media?parent=268100"}],"wp:term":[{"taxonomy":"category","embeddable":true,"href":"https:\/\/www.europesays.com\/fr\/wp-json\/wp\/v2\/categories?post=268100"},{"taxonomy":"post_tag","embeddable":true,"href":"https:\/\/www.europesays.com\/fr\/wp-json\/wp\/v2\/tags?post=268100"}],"curies":[{"name":"wp","href":"https:\/\/api.w.org\/{rel}","templated":true}]}}