{"id":268104,"date":"2025-07-23T13:32:12","date_gmt":"2025-07-23T13:32:12","guid":{"rendered":"https:\/\/www.europesays.com\/fr\/268104\/"},"modified":"2025-07-23T13:32:12","modified_gmt":"2025-07-23T13:32:12","slug":"18e-etape-entre-vif-et-courchevel-col-de-la-loze-jeudi-24-juillet","status":"publish","type":"post","link":"https:\/\/www.europesays.com\/fr\/268104\/","title":{"rendered":"18e \u00e9tape entre Vif et Courchevel Col de la Loze jeudi 24 juillet"},"content":{"rendered":"<p class=\"article-p mdl\">D&rsquo;apr\u00e8s Christian Prudhomme, les chiffres sont intraitables. Il s&rsquo;agit de<strong> l\u2019\u00e9tape la plus exigeante du Tour 2025<\/strong>, avec 5 500 m\u00e8tres de d\u00e9nivel\u00e9 positif cumul\u00e9. La journ\u00e9e s&rsquo;annonce d&rsquo;autant plus dantesque que cette premi\u00e8re \u00e9tape alpestre est longue faisant 171,5 km. Elle a trois cols interminables, le Glandon (21,7 km \u00e0 5,1%), la Madeleine (19,2 km \u00e0 7,9%) et enfin la Loze (26,4 km \u00e0 6,5%) pour un total monstrueux de 5.450 m\u00e8tres de d\u00e9nivel\u00e9 positif.\u00a0 \u00ab\u00a0Il n&rsquo;existe pas de ruptures de pente comme \u00e7a en France. C&rsquo;est le col du XXIe si\u00e8cle\u00a0\u00bb, dit le patron du Tour Christian Prudhomme.<\/p>\n<p class=\"article-p mdl\">Apr\u00e8s avoir crois\u00e9 l\u2019altiport, il restera quatre kilom\u00e8tres d\u2019une piste cyclable tout aussi irr\u00e9guli\u00e8re et presque aussi mordante pour les mollets que sur le versant emprunt\u00e9 en 2020 et 2023. Trois ascensions hors cat\u00e9gorie, dont le terrifiant col de la Loze, o\u00f9\u00a0<a class=\"link\" href=\"https:\/\/www.rtl.fr\/sport\/autres-sports\/tour-de-france-2025-pogacar-immense-favori-selon-les-amateurs-de-cyclisme-7900521497\" target=\"_blank\" rel=\"noopener\">Tadej Pogacar<\/a>\u00a0avait connu la pire d\u00e9faillance de sa carri\u00e8re en 2023\u00a0: l&rsquo;\u00e9tape-reine du Tour de France \u00ab\u00a0va faire tr\u00e8s mal\u00a0\u00bb jeudi, explique le traceur du Tour de France,\u00a0<a class=\"link\" href=\"https:\/\/www.rtl.fr\/sport\/autres-sports\/paris-roubaix-cette-course-est-elle-vraiment-si-differente-des-autres-7900252525\" target=\"_blank\" rel=\"noopener\">Thierry Gouvenou<\/a>, \u00e0 l&rsquo;AFP.<\/p>\n<p class=\"article-p mdl\"><a class=\"link\" href=\"https:\/\/revo.rtl.fr\/Courchevel%20Col%20de%20la%20Loze\" target=\"_blank\" rel=\"noopener\">Courchevel Col de la Loze<\/a>\u00a0est ville \u00e9tape pour la 5\u1d49 fois. Le\u00a0d\u00e9part fictif est \u00e0 <strong>12\u00a0h\u00a010<\/strong>, d\u00e9part r\u00e9el \u00e0 <strong>12\u00a0h\u00a020<\/strong>. Pour l&rsquo;arriv\u00e9e, elle est pr\u00e9vue entre <strong>17h12<\/strong> et <strong>17h50<\/strong>.\u00a0<\/p>\n<p>                <img decoding=\"async\" alt=\"\" class=\"media-item lazy\" src=\"https:\/\/www.europesays.com\/fr\/wp-content\/uploads\/2025\/07\/1770973-parcours-de-la-18e-etape-du-tour-de-france-2025.jpg\"\/><\/p>\n<p>\n            Parcours de la 18e \u00e9tape du Tour de France 2025<\/p>\n<p>\n            Cr\u00e9dit : Tour de France<\/p>\n<p>    La r\u00e9daction vous recommande<\/p>\n<p class=\"s-newsletter__title\">\n                L\u2019actualit\u00e9 par la r\u00e9daction de RTL dans votre bo\u00eete mail.\n            <\/p>\n<p class=\"s-newsletter__subtitle\">\n                Gr\u00e2ce \u00e0 votre compte RTL abonnez-vous \u00e0 la newsletter RTL info pour suivre toute l&rsquo;actualit\u00e9 au quotidien\n            <\/p>\n<p>\n                                    Lire la suite\n                                <\/p>\n","protected":false},"excerpt":{"rendered":"D&rsquo;apr\u00e8s Christian Prudhomme, les chiffres sont intraitables. Il s&rsquo;agit de l\u2019\u00e9tape la plus exigeante du Tour 2025, avec&hellip;\n","protected":false},"author":2,"featured_media":268105,"comment_status":"","ping_status":"","sticky":false,"template":"","format":"standard","meta":{"footnotes":""},"categories":[4],"tags":[11,3062,207,107,2619,1011,27,12,25,210],"class_list":{"0":"post-268104","1":"post","2":"type-post","3":"status-publish","4":"format-standard","5":"has-post-thumbnail","7":"category-france","8":"tag-actualites","9":"tag-autres-sports","10":"tag-cyclisme","11":"tag-fil-info","12":"tag-fil-sport","13":"tag-fr","14":"tag-france","15":"tag-news","16":"tag-republique-francaise","17":"tag-tour-de-france"},"share_on_mastodon":{"url":"https:\/\/pubeurope.com\/@fr\/114902803719818587","error":""},"_links":{"self":[{"href":"https:\/\/www.europesays.com\/fr\/wp-json\/wp\/v2\/posts\/268104","targetHints":{"allow":["GET"]}}],"collection":[{"href":"https:\/\/www.europesays.com\/fr\/wp-json\/wp\/v2\/posts"}],"about":[{"href":"https:\/\/www.europesays.com\/fr\/wp-json\/wp\/v2\/types\/post"}],"author":[{"embeddable":true,"href":"https:\/\/www.europesays.com\/fr\/wp-json\/wp\/v2\/users\/2"}],"replies":[{"embeddable":true,"href":"https:\/\/www.europesays.com\/fr\/wp-json\/wp\/v2\/comments?post=268104"}],"version-history":[{"count":0,"href":"https:\/\/www.europesays.com\/fr\/wp-json\/wp\/v2\/posts\/268104\/revisions"}],"wp:featuredmedia":[{"embeddable":true,"href":"https:\/\/www.europesays.com\/fr\/wp-json\/wp\/v2\/media\/268105"}],"wp:attachment":[{"href":"https:\/\/www.europesays.com\/fr\/wp-json\/wp\/v2\/media?parent=268104"}],"wp:term":[{"taxonomy":"category","embeddable":true,"href":"https:\/\/www.europesays.com\/fr\/wp-json\/wp\/v2\/categories?post=268104"},{"taxonomy":"post_tag","embeddable":true,"href":"https:\/\/www.europesays.com\/fr\/wp-json\/wp\/v2\/tags?post=268104"}],"curies":[{"name":"wp","href":"https:\/\/api.w.org\/{rel}","templated":true}]}}