{"id":268108,"date":"2025-07-23T13:35:12","date_gmt":"2025-07-23T13:35:12","guid":{"rendered":"https:\/\/www.europesays.com\/fr\/268108\/"},"modified":"2025-07-23T13:35:12","modified_gmt":"2025-07-23T13:35:12","slug":"le-message-plein-de-classe-de-savea-aux-bleus-apres-la-tournee","status":"publish","type":"post","link":"https:\/\/www.europesays.com\/fr\/268108\/","title":{"rendered":"le message plein de classe de Savea aux Bleus apr\u00e8s la tourn\u00e9e"},"content":{"rendered":"<p>Ardie Savea est aussi brillant sur le terrain qu\u2019\u00e9l\u00e9gant en dehors. Consid\u00e9r\u00e9 comme l\u2019un des si ce n\u2019est le meilleur joueur du monde, le num\u00e9ro 8 des All Blacks a encore rayonn\u00e9 lors de la tourn\u00e9e face au XV de France. Promu capitaine suite \u00e0 la blessure de Scott Barrett lors du premier test, le troisi\u00e8me-ligne a r\u00e9alis\u00e9 des prestatiosn XXL pour permettre \u00e0 la Nouvelle-Z\u00e9lande de terminer invaincue.<\/p>\n<p>L\u2019hommage de Savea aux Fran\u00e7ais<\/p>\n<p>Apr\u00e8s l\u2019ultime test, Ardie Savea a eu une pens\u00e9e pour les hommes de Fabien Galthi\u00e9. Il en a profit\u00e9 pour leur rendre un bel hommage, comme le montre le documentaire \u00ab\u00a0Destins M\u00eal\u00e9s\u00a0\u00bb, r\u00e9alis\u00e9 par la FFR.<\/p>\n<blockquote>\n<p>\u00ab\u00a0Juste merci \u00e0 la famille fran\u00e7aise. Merci beaucoup d&rsquo;\u00eatre venu ici en Nouvelle-Z\u00e9lande et d&rsquo;\u00eatre rest\u00e9 3-4 semaines apr\u00e8s une longue saison en club. On appr\u00e9cie \u00e7a et on esp\u00e8re que vous avez appr\u00e9ci\u00e9 votre s\u00e9jour ici. Je vous souhaite le meilleur pour votre p\u00e9riode de repos et un bon retour dans vos familles\u00a0\u00bb<\/p>\n<blockquote class=\"twitter-tweet\">\n<p dir=\"ltr\" lang=\"fr\">Le discours d\u2019Ardie Savea pour le groupe France :<\/p>\n<p>\u00abMerci d\u2019\u00eatre venu en Nouvelle-Z\u00e9lande [\u2026] Je sais que vous avez v\u00e9cu une longue saison en club. On appr\u00e9cie \u00e7a. Le meilleur pour votre p\u00e9riode de repos et bon retour aupr\u00e8s de vos familles.\u00bb<\/p>\n<p>\ud83d\udcf8 : France Rugby (YouTube) <a href=\"https:\/\/t.co\/Zx6Nzygxbq\" rel=\"nofollow\">pic.twitter.com\/Zx6Nzygxbq<\/a><\/p>\n<p>\u2014 Pablo Guillen (@pablo_guillen_) <a href=\"https:\/\/twitter.com\/pablo_guillen_\/status\/1947749270205174023?ref_src=twsrc%5Etfw\" rel=\"nofollow noopener\" target=\"_blank\">July 22, 2025<\/a><\/p>\n<\/blockquote>\n<\/blockquote>\n<p>\u00a0<\/p>\n<p>Partagez cette info avec vos amis et vos proches en cliquant ici<br \/>Pour r\u00e9sumer<\/p>\n<p>Ardie Savea s\u2019est exprim\u00e9 devant le groupe fran\u00e7ais apr\u00e8s l\u2019ultime test-match. Le capitaine n\u00e9o-z\u00e9landais a remerci\u00e9 les Bleus pour leur venue tout en leur rendant un bel hommage apr\u00e8s une saison \u00e9prouvante en Top 14.<\/p>\n<p> <img decoding=\"async\" width=\"76\" height=\"76\" loading=\"lazy\" src=\"https:\/\/www.europesays.com\/fr\/wp-content\/uploads\/2025\/04\/avatar-quinze.png\" alt=\"Arnaud D\u00e9chelotte\"\/><script async src=\"https:\/\/platform.twitter.com\/widgets.js\" charset=\"utf-8\"><\/script><\/p>\n","protected":false},"excerpt":{"rendered":"Ardie Savea est aussi brillant sur le terrain qu\u2019\u00e9l\u00e9gant en dehors. Consid\u00e9r\u00e9 comme l\u2019un des si ce n\u2019est&hellip;\n","protected":false},"author":2,"featured_media":268109,"comment_status":"","ping_status":"","sticky":false,"template":"","format":"standard","meta":{"footnotes":""},"categories":[1416],"tags":[1011,27,479,1468,60],"class_list":{"0":"post-268108","1":"post","2":"type-post","3":"status-publish","4":"format-standard","5":"has-post-thumbnail","7":"category-rugby","8":"tag-fr","9":"tag-france","10":"tag-rugby","11":"tag-rugby-football","12":"tag-sports"},"share_on_mastodon":{"url":"https:\/\/pubeurope.com\/@fr\/114902815491461546","error":""},"_links":{"self":[{"href":"https:\/\/www.europesays.com\/fr\/wp-json\/wp\/v2\/posts\/268108","targetHints":{"allow":["GET"]}}],"collection":[{"href":"https:\/\/www.europesays.com\/fr\/wp-json\/wp\/v2\/posts"}],"about":[{"href":"https:\/\/www.europesays.com\/fr\/wp-json\/wp\/v2\/types\/post"}],"author":[{"embeddable":true,"href":"https:\/\/www.europesays.com\/fr\/wp-json\/wp\/v2\/users\/2"}],"replies":[{"embeddable":true,"href":"https:\/\/www.europesays.com\/fr\/wp-json\/wp\/v2\/comments?post=268108"}],"version-history":[{"count":0,"href":"https:\/\/www.europesays.com\/fr\/wp-json\/wp\/v2\/posts\/268108\/revisions"}],"wp:featuredmedia":[{"embeddable":true,"href":"https:\/\/www.europesays.com\/fr\/wp-json\/wp\/v2\/media\/268109"}],"wp:attachment":[{"href":"https:\/\/www.europesays.com\/fr\/wp-json\/wp\/v2\/media?parent=268108"}],"wp:term":[{"taxonomy":"category","embeddable":true,"href":"https:\/\/www.europesays.com\/fr\/wp-json\/wp\/v2\/categories?post=268108"},{"taxonomy":"post_tag","embeddable":true,"href":"https:\/\/www.europesays.com\/fr\/wp-json\/wp\/v2\/tags?post=268108"}],"curies":[{"name":"wp","href":"https:\/\/api.w.org\/{rel}","templated":true}]}}