{"id":268110,"date":"2025-07-23T13:36:10","date_gmt":"2025-07-23T13:36:10","guid":{"rendered":"https:\/\/www.europesays.com\/fr\/268110\/"},"modified":"2025-07-23T13:36:10","modified_gmt":"2025-07-23T13:36:10","slug":"atp-le-programme-de-jannik-sinner-avant-lus-open-devoile","status":"publish","type":"post","link":"https:\/\/www.europesays.com\/fr\/268110\/","title":{"rendered":"ATP > Le programme de Jannik Sinner avant l&rsquo;US Open d\u00e9voil\u00e9"},"content":{"rendered":"<p>Apr\u00e8s avoir pris le temps de souf\u00adfler et de se poser suite \u00e0 son sacre \u00e0 Wimbledon, Jannik Sinner a comme d\u2019ha\u00adbi\u00adtude jou\u00e9 la carte de la prudence et de l\u2019in\u00adtel\u00adli\u00adgence concer\u00adnant son calendrier.<\/p>\n<p>Officiellement forfait pour le Masters 1000 de Toronto (du 27 juillet au 7 ao\u00fbt), tout comme Carlos Alcaraz, Novak Djokovic et Jack Draper, le num\u00e9ro 1 mondial a d\u00e9voil\u00e9 son programme pour les prochaines semaines, comme le rapporte nos confr\u00e8res de Sky Sport. <\/p>\n<p>Il reprendra donc l\u2019en\u00adtra\u00ee\u00adne\u00adment ce jeudi sur les instal\u00adla\u00adtions du tournoi de Monte\u2010Carlo, avant de s\u2019en\u00advoler pour Cincinnati dont le tournoi aura lieu du 7 au 18 ao\u00fbt. Tout cela dans le but d\u2019ar\u00adriver dans la meilleure forme possible \u00e0 New\u2010York pour la d\u00e9fense de son titre \u00e0 l\u2019US Open (du 24 ao\u00fbt au 7 septembre).\u00a0<\/p>\n<blockquote class=\"twitter-tweet\">\n<p lang=\"it\" dir=\"ltr\">Come ripor\u00adtato da Sky Sport, Sinner torner\u00e0 ad alle\u00adnarsi a Monte\u2010Carlo domani e restera l\u00ec fino alla partenza per Cincinnati. <\/p>\n<p>Questa mattina il numero uno al mondo ha svolto dei test e controlli al J\u2011Medical di Torino in vista della stagione sul cemento. <a href=\"https:\/\/t.co\/TZKkSXaC3A\" data-wpel-link=\"external\" target=\"_blank\" rel=\"nofollow external noopener\">pic.twitter.com\/TZKkSXaC3A<\/a><\/p>\n<p>\u2014 Quindici Zero \ud83c\udfbe (@quindicizero) <a href=\"https:\/\/twitter.com\/quindicizero\/status\/1947976789449695529?ref_src=twsrc%5Etfw\" data-wpel-link=\"external\" target=\"_blank\" rel=\"nofollow external noopener\">July 23,\u00a02025<\/a><\/p><\/blockquote>\n<p>Pour rappel, <a href=\"https:\/\/www.welovetennis.fr\/atp\/la-decision-deroutante-de-sinner-moins-de-trois-mois-apres-la-fin-de-sa-suspension\" data-wpel-link=\"internal\" rel=\"nofollow noopener\" target=\"_blank\">l\u2019Italien a annonc\u00e9 ce mercredi de mani\u00e8re assez surpre\u00adnante le retour dans son \u00e9quipe de son ancien pr\u00e9pa\u00adra\u00adteur physique, Umberto Ferrara<\/a>, licenci\u00e9 suite \u00e0 l\u2019af\u00adfaire des contr\u00f4les anti\u00addo\u00adpages positifs.\u00a0<\/p>\n<p class=\"post-published-date\" style=\"color: silver; font-size: 75%; text-align: left;\">Publi\u00e9 le mercredi 23 juillet 2025 \u00e0 14:12<\/p>\n<p><script async src=\"https:\/\/platform.twitter.com\/widgets.js\" charset=\"utf-8\"><\/script><\/p>\n","protected":false},"excerpt":{"rendered":"Apr\u00e8s avoir pris le temps de souf\u00adfler et de se poser suite \u00e0 son sacre \u00e0 Wimbledon, Jannik&hellip;\n","protected":false},"author":2,"featured_media":18184,"comment_status":"","ping_status":"","sticky":false,"template":"","format":"standard","meta":{"footnotes":""},"categories":[1415],"tags":[1744,105,4388,1011,27,2127,60,1467],"class_list":{"0":"post-268110","1":"post","2":"type-post","3":"status-publish","4":"format-standard","5":"has-post-thumbnail","7":"category-tennis","8":"tag-alcaraz","9":"tag-djokovic","10":"tag-draper","11":"tag-fr","12":"tag-france","13":"tag-sinner","14":"tag-sports","15":"tag-tennis"},"share_on_mastodon":{"url":"https:\/\/pubeurope.com\/@fr\/114902819319438920","error":""},"_links":{"self":[{"href":"https:\/\/www.europesays.com\/fr\/wp-json\/wp\/v2\/posts\/268110","targetHints":{"allow":["GET"]}}],"collection":[{"href":"https:\/\/www.europesays.com\/fr\/wp-json\/wp\/v2\/posts"}],"about":[{"href":"https:\/\/www.europesays.com\/fr\/wp-json\/wp\/v2\/types\/post"}],"author":[{"embeddable":true,"href":"https:\/\/www.europesays.com\/fr\/wp-json\/wp\/v2\/users\/2"}],"replies":[{"embeddable":true,"href":"https:\/\/www.europesays.com\/fr\/wp-json\/wp\/v2\/comments?post=268110"}],"version-history":[{"count":0,"href":"https:\/\/www.europesays.com\/fr\/wp-json\/wp\/v2\/posts\/268110\/revisions"}],"wp:featuredmedia":[{"embeddable":true,"href":"https:\/\/www.europesays.com\/fr\/wp-json\/wp\/v2\/media\/18184"}],"wp:attachment":[{"href":"https:\/\/www.europesays.com\/fr\/wp-json\/wp\/v2\/media?parent=268110"}],"wp:term":[{"taxonomy":"category","embeddable":true,"href":"https:\/\/www.europesays.com\/fr\/wp-json\/wp\/v2\/categories?post=268110"},{"taxonomy":"post_tag","embeddable":true,"href":"https:\/\/www.europesays.com\/fr\/wp-json\/wp\/v2\/tags?post=268110"}],"curies":[{"name":"wp","href":"https:\/\/api.w.org\/{rel}","templated":true}]}}