{"id":268111,"date":"2025-07-23T13:38:16","date_gmt":"2025-07-23T13:38:16","guid":{"rendered":"https:\/\/www.europesays.com\/fr\/268111\/"},"modified":"2025-07-23T13:38:16","modified_gmt":"2025-07-23T13:38:16","slug":"motogp-du-positif-pour-quartararo-et-tout-yamaha-apres-brno-et-le-travail-de-fernandez","status":"publish","type":"post","link":"https:\/\/www.europesays.com\/fr\/268111\/","title":{"rendered":"MotoGP Du positif pour Quartararo et tout Yamaha apr\u00e8s Brno et le travail de Fernandez"},"content":{"rendered":"<p>Augusto Fernandez a r\u00e9colt\u00e9 des informations pr\u00e9cieuses, le week-end dernier, pendant le Grand-Prix de R\u00e9publique Tch\u00e8que. Sachant que, comme tout pilote wild-card, son objectif premier n\u2019\u00e9tait pas de r\u00e9aliser des prouesses et\/ou de marquer des points mais de valider certaines pi\u00e8ces, en conditions r\u00e9elles. Et avec un meilleur tour en course une demi-seconde moins v\u00e9loce que celui de Fabio Quartararo, \u00e0 priori, l\u2019\u00e9valuation s\u2019est r\u00e9v\u00e9l\u00e9e concluante.<\/p>\n<p>MotoGP : Augusto Fernandez reviendra\u2026<\/p>\n<p>\u00ab J\u2019\u00e9tais seul assez t\u00f4t [dans la course] et j\u2019ai bien roul\u00e9 aujourd\u2019hui\u201c, analysait Augusto Fernandez, dimanche soir, dans la foul\u00e9e de \u2018larriv\u00e9e du Grand-Prix de R\u00e9publique Tch\u00e8que de MotoGP. \u201cJ\u2019\u00e9tais satisfait de ma vitesse et d\u2019avoir pu rattraper le groupe devant moi. Au d\u00e9but du week-end de course, il \u00e9tait difficile d\u2019\u00eatre dans le rythme, donc je suis content d\u2019\u00eatre plus ou moins au m\u00eame niveau que les autres aujourd\u2019hui. Je suis \u00e9galement satisfait de mon meilleur tour en course. Le meilleur tour de Fabio \u00e9tait encore environ 0,5 seconde plus rapide que le mien, mais je suis l\u00e0. Nous avons tir\u00e9 de bonnes informations de cette course apr\u00e8s mon erreur d\u2019hier, c\u2019est donc important. Nous allons continuer \u00e0 travailler et j\u2019appr\u00e9cie le processus. \u00bb, ajoutait le pilote espagnol.<\/p>\n<p>Si nous savons qu\u2019il sera \u00e0 nouveau pr\u00e9sent sur la grille de d\u00e9part, cette saison en tant que pilote wild-card, les Grand-Prix s\u00e9lectionn\u00e9s par <a href=\"https:\/\/lemagsportauto.ouest-france.fr\/tag\/yamaha\/\" target=\"_blank\" rel=\"noopener\">Yamaha<\/a>, \u00e0 ces fins, ne sont pas encore connus. On imagine que cela d\u00e9pendra des prochaines \u00e9volutions et de la courbe de progression du constructeur japonais.<\/p>\n<blockquote class=\"twitter-tweet\">\n<p dir=\"ltr\" lang=\"zxx\"><a href=\"https:\/\/t.co\/ziM4EpXuJ5\">pic.twitter.com\/ziM4EpXuJ5<\/a><\/p>\n<p>\u2014 Monster Energy Yamaha MotoGP (@YamahaMotoGP) <a href=\"https:\/\/twitter.com\/YamahaMotoGP\/status\/1946623059336503651?ref_src=twsrc%5Etfw\" target=\"_blank\" rel=\"noopener\">July 19, 2025<\/a><\/p>\n<\/blockquote>\n<p>Article publi\u00e9 le 23\/07\/2025 \u00e0 5h40<\/p>\n<p>                                                            <script async src=\"https:\/\/platform.twitter.com\/widgets.js\" charset=\"utf-8\"><\/script><\/p>\n","protected":false},"excerpt":{"rendered":"Augusto Fernandez a r\u00e9colt\u00e9 des informations pr\u00e9cieuses, le week-end dernier, pendant le Grand-Prix de R\u00e9publique Tch\u00e8que. Sachant que,&hellip;\n","protected":false},"author":2,"featured_media":268112,"comment_status":"","ping_status":"","sticky":false,"template":"","format":"standard","meta":{"footnotes":""},"categories":[1413],"tags":[1011,27,1457,1456,1458,60,4921],"class_list":{"0":"post-268111","1":"post","2":"type-post","3":"status-publish","4":"format-standard","5":"has-post-thumbnail","7":"category-moto","8":"tag-fr","9":"tag-france","10":"tag-moto","11":"tag-motocycle","12":"tag-motogp","13":"tag-sports","14":"tag-yamaha"},"share_on_mastodon":{"url":"https:\/\/pubeurope.com\/@fr\/114902827591683258","error":""},"_links":{"self":[{"href":"https:\/\/www.europesays.com\/fr\/wp-json\/wp\/v2\/posts\/268111","targetHints":{"allow":["GET"]}}],"collection":[{"href":"https:\/\/www.europesays.com\/fr\/wp-json\/wp\/v2\/posts"}],"about":[{"href":"https:\/\/www.europesays.com\/fr\/wp-json\/wp\/v2\/types\/post"}],"author":[{"embeddable":true,"href":"https:\/\/www.europesays.com\/fr\/wp-json\/wp\/v2\/users\/2"}],"replies":[{"embeddable":true,"href":"https:\/\/www.europesays.com\/fr\/wp-json\/wp\/v2\/comments?post=268111"}],"version-history":[{"count":0,"href":"https:\/\/www.europesays.com\/fr\/wp-json\/wp\/v2\/posts\/268111\/revisions"}],"wp:featuredmedia":[{"embeddable":true,"href":"https:\/\/www.europesays.com\/fr\/wp-json\/wp\/v2\/media\/268112"}],"wp:attachment":[{"href":"https:\/\/www.europesays.com\/fr\/wp-json\/wp\/v2\/media?parent=268111"}],"wp:term":[{"taxonomy":"category","embeddable":true,"href":"https:\/\/www.europesays.com\/fr\/wp-json\/wp\/v2\/categories?post=268111"},{"taxonomy":"post_tag","embeddable":true,"href":"https:\/\/www.europesays.com\/fr\/wp-json\/wp\/v2\/tags?post=268111"}],"curies":[{"name":"wp","href":"https:\/\/api.w.org\/{rel}","templated":true}]}}