{"id":268113,"date":"2025-07-23T13:39:10","date_gmt":"2025-07-23T13:39:10","guid":{"rendered":"https:\/\/www.europesays.com\/fr\/268113\/"},"modified":"2025-07-23T13:39:10","modified_gmt":"2025-07-23T13:39:10","slug":"ferrari-f1-la-sf-25-transformee-a-spa-leclerc-et-hamilton-auront-une-nouveaute-a-tester","status":"publish","type":"post","link":"https:\/\/www.europesays.com\/fr\/268113\/","title":{"rendered":"Ferrari F1 : la SF-25 transform\u00e9e \u00e0 Spa ? Leclerc et Hamilton auront une nouveaut\u00e9 \u00e0 tester"},"content":{"rendered":"<p><img loading=\"lazy\" decoding=\"async\" width=\"1200\" height=\"800\" src=\"https:\/\/www.europesays.com\/fr\/wp-content\/uploads\/2025\/07\/ferrari-sf25-belgique.jpg\" alt=\"\" class=\"wp-image-40033\"  \/><\/p>\n<p><strong>Le Grand Prix <a href=\"https:\/\/www.italpassion.fr\/competition\/formule-1\/\" target=\"_blank\" rel=\"noopener\">F1<\/a> de Belgique 2025 marque-t-il le vrai tournant de la saison pour la <a href=\"https:\/\/www.italpassion.fr\/tag\/scuderia-ferrari\/\" target=\"_blank\" rel=\"noopener\">Scuderia Ferrari<\/a> ?<\/strong> Apr\u00e8s une premi\u00e8re moiti\u00e9 de championnat en demi-teinte, la Scuderia arrive \u00e0 Spa-Francorchamps avec une nouveaut\u00e9 capitale, test\u00e9e discr\u00e8tement au Mugello, et d\u00e9sormais d\u00e9ploy\u00e9e en condition r\u00e9elle. Charles Leclerc et Lewis Hamilton vont \u00eatre les premiers \u00e0 la valider sur l\u2019un des circuits les plus exigeants du calendrier.<\/p>\n<p>Une \u00e9volution attendue depuis des mois<\/p>\n<p>D\u00e8s mars, les ing\u00e9nieurs de Maranello <a href=\"https:\/\/www.italpassion.fr\/competition\/formule-1\/ferrari-f1-le-probleme-de-la-sf-25-bien-identifie-le-nouveau-directeur-technique-sous-pression-pour-le-corriger\/\" target=\"_blank\" rel=\"noopener\">avaient identifi\u00e9 un talon d\u2019Achille persistant sur la SF-25<\/a> : une instabilit\u00e9 a\u00e9rodynamique li\u00e9e \u00e0 un fond plat trop sensible, amplifi\u00e9e par une suspension arri\u00e8re peu efficace dans la gestion des hauteurs de caisse.<\/p>\n<p>Apr\u00e8s <a href=\"https:\/\/www.italpassion.fr\/competition\/formule-1\/ferrari-f1-de-nouveaux-details-sur-levolution-apportee-par-la-scuderia-au-grand-prix-dautriche\/\" target=\"_blank\" rel=\"noopener\">un nouveau fond plat introduit au GP d\u2019Autriche<\/a>, Ferrari s\u2019est concentr\u00e9e sur un autre chantier majeur : la r\u00e9vision de la suspension arri\u00e8re. <a href=\"https:\/\/www.italpassion.fr\/competition\/formule-1\/ferrari-teste-enfin-la-nouvelle-evolution-qui-doit-debloquer-le-potentiel-de-la-sf-25\/\" target=\"_blank\" rel=\"noopener\">Un test a \u00e9t\u00e9 men\u00e9 le 17 juillet dernier au Mugello<\/a>, lors du deuxi\u00e8me filming day autoris\u00e9 cette saison. Leclerc a r\u00e9alis\u00e9 des runs courts le matin, tandis qu\u2019Hamilton a encha\u00een\u00e9 les relais plus longs l\u2019apr\u00e8s-midi. Une validation en interne, avant la confrontation avec la r\u00e9alit\u00e9 de Spa.<\/p>\n<p>Ce que l\u2019on sait de cette \u00e9volution<\/p>\n<p>Officiellement, Ferrari reste discr\u00e8te. Mais les images et les informations techniques qui ont filtr\u00e9 montrent une modification cl\u00e9 : un point d\u2019ancrage du triangle sup\u00e9rieur abaiss\u00e9 et avanc\u00e9, modifiant profond\u00e9ment la cin\u00e9matique de la suspension. L\u2019objectif est clair : limiter les variations de tangage et de plong\u00e9e, stabiliser la plateforme a\u00e9rodynamique et exploiter pleinement le nouveau fond plat.<\/p>\n<p>Cette g\u00e9om\u00e9trie inspir\u00e9e de solutions vues chez Mercedes et McLaren doit permettre \u00e0 la SF-25 d\u2019offrir plus d\u2019appui \u00e0 basse vitesse, tout en r\u00e9duisant l\u2019usure du fond plat. Elle pourrait \u00e9galement s\u2019accompagner de nouveaux amortisseurs plus puissants, pour mieux contr\u00f4ler les mouvements verticaux de la monoplace.<\/p>\n<p>Un circuit exigeant pour un test d\u00e9cisif<\/p>\n<p>Spa-Francorchamps n\u2019a pas \u00e9t\u00e9 choisi au hasard. Avec ses 7 kilom\u00e8tres, ses courbes rapides, ses freinages appuy\u00e9s et ses changements de d\u00e9nivel\u00e9, c\u2019est un v\u00e9ritable juge de paix. Le circuit a \u00e9t\u00e9 r\u00e9cemment resurfac\u00e9 et les bacs \u00e0 gravier sont de retour : toute erreur se paiera cash. Et la m\u00e9t\u00e9o capricieuse pourrait aussi brouiller les cartes\u2026 et rendre les essais encore plus courts.<\/p>\n<p>Le d\u00e9fi est d\u2019autant plus grand que ce week-end suit le format Sprint. Ferrari ne disposera que d\u2019une seule s\u00e9ance d\u2019essais libres (vendredi \u00e0 12h30) pour valider les r\u00e9glages de cette nouvelle architecture. Puis viendront les qualifications Sprint, la course Sprint, les qualifs et enfin le Grand Prix dimanche \u00e0 15h00.<\/p>\n<p>Derni\u00e8re cartouche avant la bascule 2026 ?<\/p>\n<p>En coulisse, Fr\u00e9d\u00e9ric Vasseur a motiv\u00e9 ses troupes : \u201cChaque d\u00e9tail compte, et \u00e0 Spa, tout peut se jouer sur une seule s\u00e9ance. On se concentre uniquement sur nous-m\u00eames.\u201d L\u2019ambition est claire : utiliser cette \u00e9volution comme levier pour se rapprocher de McLaren\u2026 et distancer Mercedes avant que les ressources ne soient redirig\u00e9es vers le projet 2026.<\/p>\n<p>La suspension test\u00e9e ce week-end pourrait donc symboliser plus qu\u2019un simple ajustement technique : prouver, avant la pause estivale, que la Scuderia Ferrari est capable de r\u00e9agir, et apprendre en tirer les exp\u00e9riences pour mieux d\u00e9buter 2026.<\/p>\n<p><strong>\ud83d\udcc5 Calendrier du GP de Belgique 2025 :<\/strong><\/p>\n<ul class=\"wp-block-list\">\n<li><strong>Vendredi 25 juillet<\/strong> : Essais libres 1 (12h30), Qualification course sprint (16h30)<\/li>\n<li><strong>Samedi 26 juillet<\/strong> : Course sprint (12h00), Qualifications (16h00)<\/li>\n<li><strong>Dimanche 27 juillet<\/strong> : Course \u00e0 15h00<\/li>\n<\/ul>\n","protected":false},"excerpt":{"rendered":"Le Grand Prix F1 de Belgique 2025 marque-t-il le vrai tournant de la saison pour la Scuderia Ferrari&hellip;\n","protected":false},"author":2,"featured_media":268114,"comment_status":"","ping_status":"","sticky":false,"template":"","format":"standard","meta":{"footnotes":""},"categories":[1412],"tags":[1451,1452,1453,1454,1455,1011,27,3504,34083,60],"class_list":{"0":"post-268113","1":"post","2":"type-post","3":"status-publish","4":"format-standard","5":"has-post-thumbnail","7":"category-f1","8":"tag-f1","9":"tag-formula-1","10":"tag-formula1","11":"tag-formule-1","12":"tag-formule1","13":"tag-fr","14":"tag-france","15":"tag-scuderia-ferrari","16":"tag-sf-25","17":"tag-sports"},"share_on_mastodon":{"url":"https:\/\/pubeurope.com\/@fr\/114902831207930630","error":""},"_links":{"self":[{"href":"https:\/\/www.europesays.com\/fr\/wp-json\/wp\/v2\/posts\/268113","targetHints":{"allow":["GET"]}}],"collection":[{"href":"https:\/\/www.europesays.com\/fr\/wp-json\/wp\/v2\/posts"}],"about":[{"href":"https:\/\/www.europesays.com\/fr\/wp-json\/wp\/v2\/types\/post"}],"author":[{"embeddable":true,"href":"https:\/\/www.europesays.com\/fr\/wp-json\/wp\/v2\/users\/2"}],"replies":[{"embeddable":true,"href":"https:\/\/www.europesays.com\/fr\/wp-json\/wp\/v2\/comments?post=268113"}],"version-history":[{"count":0,"href":"https:\/\/www.europesays.com\/fr\/wp-json\/wp\/v2\/posts\/268113\/revisions"}],"wp:featuredmedia":[{"embeddable":true,"href":"https:\/\/www.europesays.com\/fr\/wp-json\/wp\/v2\/media\/268114"}],"wp:attachment":[{"href":"https:\/\/www.europesays.com\/fr\/wp-json\/wp\/v2\/media?parent=268113"}],"wp:term":[{"taxonomy":"category","embeddable":true,"href":"https:\/\/www.europesays.com\/fr\/wp-json\/wp\/v2\/categories?post=268113"},{"taxonomy":"post_tag","embeddable":true,"href":"https:\/\/www.europesays.com\/fr\/wp-json\/wp\/v2\/tags?post=268113"}],"curies":[{"name":"wp","href":"https:\/\/api.w.org\/{rel}","templated":true}]}}