{"id":268119,"date":"2025-07-23T13:42:10","date_gmt":"2025-07-23T13:42:10","guid":{"rendered":"https:\/\/www.europesays.com\/fr\/268119\/"},"modified":"2025-07-23T13:42:10","modified_gmt":"2025-07-23T13:42:10","slug":"jaime-quand-cest-intense-jennifer-lopez-dhumeur-coquine-elle-se-lache-sur-sa-vie-intime-en-plein-concert","status":"publish","type":"post","link":"https:\/\/www.europesays.com\/fr\/268119\/","title":{"rendered":"\u00ab\u00a0J&rsquo;aime quand c&rsquo;est intense&#8230;\u00a0\u00bb Jennifer Lopez d&rsquo;humeur coquine, elle se l\u00e2che sur sa vie intime en plein concert"},"content":{"rendered":"<p>Il y a quelques jours, alors qu&rsquo;elle \u00e9tait en concert \u00e0 Bilbao, en Espagne, dans le cadre de sa tourn\u00e9e Up All Night,<strong> Jennifer Lopez<\/strong> s&rsquo;est amus\u00e9e de sa situation amoureuse. D\u00e9j\u00e0 quatre fois divorc\u00e9e (d&rsquo;Ojani Noa, Cris Judd, Marc Anthony et Ben Affleck), la chanteuse a fait preuve de beaucoup d&rsquo;autod\u00e9rision lorsqu&rsquo;un fan lui a tendu une pancarte sur laquelle il avait \u00e9crit : \u00ab\u00a0JLo, \u00e9pouse-moi ?\u00a0\u00bb. R\u00e9ponse de l&rsquo;int\u00e9ress\u00e9e ? Merci, mais non merci, \u00ab\u00a0je pense que j&rsquo;en ai fini avec \u00e7a, a-t-elle r\u00e9torqu\u00e9 en plaisantant. J&rsquo;ai essay\u00e9 plusieurs fois.\u00a0\u00bb LOL.<\/p>\n<p>Jennifer Lopez aime quand c&rsquo;est intense&#8230; mais pas seulement<\/p>\n<p>Si elle ne compte pas se faire repasser la bague au doigt de sit\u00f4t, J.Lo ne se laisse pas abattre pour autant. C\u00e9libataire depuis un an (une \u00e9ternit\u00e9 !), elle semble vivre sa meilleure vie. Le 21 juillet dernier, J.Lo a donc remis \u00e7a lors de son concert au Lucca Summer Festival, en Italie. Selon le Sun, la chanteuse, 56 ans ce 24 juillet, s&rsquo;est montr\u00e9e tr\u00e8s explicite concernant <strong>sa vie intime<\/strong>. Parce qu&rsquo;elle avait visiblement envie de papoter avant d&rsquo;interpr\u00e9ter Moments in Love, elle s&rsquo;est en effet confi\u00e9e sur ses envies&#8230; dans la chambre \u00e0 coucher. \u00ab\u00a0Je vais \u00eatre honn\u00eate avec vous : parfois, je suis d&rsquo;humeurs diff\u00e9rentes le soir. Je ne sais pas vous, mais moi, oui \u2014 et parfois, j&rsquo;aime quand c&rsquo;est intense\u00a0\u00bb, a-t-elle d\u00e9clar\u00e9. De quoi faire hurler la foule ! Et Jennifer de poursuivre : \u00ab\u00a0D&rsquo;autres jours, je (&#8230;)<a href=\"https:\/\/www.grazia.fr\/people\/jaime-quand-cest-intense-jennifer-lopez-dhumeur-coquine-elle-se-lache-sur-sa-vie-intime-en-plein-concert-1174343.html?utm_campaign=partenariat&amp;utm_source=yahoo-articles&amp;utm_medium=flux\" rel=\"nofollow noopener\" target=\"_blank\" data-ylk=\"slk:Lire la suite sur Grazia;elm:context_link;itc:0;sec:content-canvas\" class=\"link \">Lire la suite sur Grazia<\/a><a href=\"https:\/\/www.grazia.fr\/cuisine\/restaurants\/vous-passez-lete-a-paris-voici-6-restaurants-ou-filer-vous-attabler-pendant-les-vacances-1174270.html?utm_campaign=partenariat&amp;utm_source=yahoo-articles&amp;utm_medium=flux\" rel=\"nofollow noopener\" target=\"_blank\" data-ylk=\"slk:Vous passez l\u2019\u00e9t\u00e9 \u00e0 Paris ? Voici 6 restaurants o\u00f9 filer vous attabler pendant les vacances;elm:context_link;itc:0;sec:content-canvas\" class=\"link \">Vous passez l\u2019\u00e9t\u00e9 \u00e0 Paris ? Voici 6 restaurants o\u00f9 filer vous attabler pendant les vacances<\/a><br \/><a href=\"https:\/\/www.grazia.fr\/mode\/looks-de-stars\/pamela-anderson-58-ans-a-couper-le-souffle-en-robe-bustier-et-sans-maquillage-sur-le-red-carpet-1174342.html?utm_campaign=partenariat&amp;utm_source=yahoo-articles&amp;utm_medium=flux\" rel=\"nofollow noopener\" target=\"_blank\" data-ylk=\"slk:Pamela Anderson (58 ans) \u00e0 couper le souffle en robe bustier et sans maquillage sur le tapis rouge;elm:context_link;itc:0;sec:content-canvas\" class=\"link \">Pamela Anderson (58 ans) \u00e0 couper le souffle en robe bustier et sans maquillage sur le tapis rouge<\/a><br \/><a href=\"https:\/\/www.grazia.fr\/people\/devinez-quel-acteur-culte-se-cache-derriere-ce-cliche-de-2005-1174225.html?utm_campaign=partenariat&amp;utm_source=yahoo-articles&amp;utm_medium=flux\" rel=\"nofollow noopener\" target=\"_blank\" data-ylk=\"slk:Devinez quel acteur culte se cache derri\u00e8re ce clich\u00e9 de 2005;elm:context_link;itc:0;sec:content-canvas\" class=\"link \">Devinez quel acteur culte se cache derri\u00e8re ce clich\u00e9 de 2005<\/a><br \/><a href=\"https:\/\/www.grazia.fr\/beaute\/coiffure\/la-frange-rideau-cest-fini-voici-pourquoi-celle-de-jane-birkin-fait-son-grand-retour-cet-ete-1174301.html?utm_campaign=partenariat&amp;utm_source=yahoo-articles&amp;utm_medium=flux\" rel=\"nofollow noopener\" target=\"_blank\" data-ylk=\"slk:La frange rideau, c&#039;est fini : voici pourquoi celle de Jane Birkin fait son grand retour cet \u00e9t\u00e9;elm:context_link;itc:0;sec:content-canvas\" class=\"link \">La frange rideau, c&rsquo;est fini : voici pourquoi celle de Jane Birkin fait son grand retour cet \u00e9t\u00e9<\/a><br \/><a href=\"https:\/\/www.grazia.fr\/lifestyle\/insolite\/des-economies-considerables-la-regle-numero-1-a-adopter-quand-on-fait-ses-courses-pour-ne-pas-creuser-son-budget-1174120.html?utm_campaign=partenariat&amp;utm_source=yahoo-articles&amp;utm_medium=flux\" rel=\"nofollow noopener\" target=\"_blank\" data-ylk=\"slk:&quot;Des \u00e9conomies consid\u00e9rables&quot; : la r\u00e8gle num\u00e9ro 1 \u00e0 adopter quand on fait ses courses pour ne pas creuser son budget;elm:context_link;itc:0;sec:content-canvas\" class=\"link \">\u00ab\u00a0Des \u00e9conomies consid\u00e9rables\u00a0\u00bb : la r\u00e8gle num\u00e9ro 1 \u00e0 adopter quand on fait ses courses pour ne pas creuser son budget<\/a><\/p>\n","protected":false},"excerpt":{"rendered":"Il y a quelques jours, alors qu&rsquo;elle \u00e9tait en concert \u00e0 Bilbao, en Espagne, dans le cadre de&hellip;\n","protected":false},"author":2,"featured_media":268120,"comment_status":"","ping_status":"","sticky":false,"template":"","format":"standard","meta":{"footnotes":""},"categories":[1359],"tags":[1697,40746,58,59,1011,27,3931,40744,973,40745],"class_list":{"0":"post-268119","1":"post","2":"type-post","3":"status-publish","4":"format-standard","5":"has-post-thumbnail","7":"category-people","8":"tag-concert","9":"tag-cris-judd","10":"tag-divertissement","11":"tag-entertainment","12":"tag-fr","13":"tag-france","14":"tag-jennifer-lopez","15":"tag-marc-anthony","16":"tag-people","17":"tag-vie-intime"},"share_on_mastodon":{"url":"https:\/\/pubeurope.com\/@fr\/114902842989358367","error":""},"_links":{"self":[{"href":"https:\/\/www.europesays.com\/fr\/wp-json\/wp\/v2\/posts\/268119","targetHints":{"allow":["GET"]}}],"collection":[{"href":"https:\/\/www.europesays.com\/fr\/wp-json\/wp\/v2\/posts"}],"about":[{"href":"https:\/\/www.europesays.com\/fr\/wp-json\/wp\/v2\/types\/post"}],"author":[{"embeddable":true,"href":"https:\/\/www.europesays.com\/fr\/wp-json\/wp\/v2\/users\/2"}],"replies":[{"embeddable":true,"href":"https:\/\/www.europesays.com\/fr\/wp-json\/wp\/v2\/comments?post=268119"}],"version-history":[{"count":0,"href":"https:\/\/www.europesays.com\/fr\/wp-json\/wp\/v2\/posts\/268119\/revisions"}],"wp:featuredmedia":[{"embeddable":true,"href":"https:\/\/www.europesays.com\/fr\/wp-json\/wp\/v2\/media\/268120"}],"wp:attachment":[{"href":"https:\/\/www.europesays.com\/fr\/wp-json\/wp\/v2\/media?parent=268119"}],"wp:term":[{"taxonomy":"category","embeddable":true,"href":"https:\/\/www.europesays.com\/fr\/wp-json\/wp\/v2\/categories?post=268119"},{"taxonomy":"post_tag","embeddable":true,"href":"https:\/\/www.europesays.com\/fr\/wp-json\/wp\/v2\/tags?post=268119"}],"curies":[{"name":"wp","href":"https:\/\/api.w.org\/{rel}","templated":true}]}}