{"id":268121,"date":"2025-07-23T13:43:13","date_gmt":"2025-07-23T13:43:13","guid":{"rendered":"https:\/\/www.europesays.com\/fr\/268121\/"},"modified":"2025-07-23T13:43:13","modified_gmt":"2025-07-23T13:43:13","slug":"portrait-je-ne-les-vois-pas-arriver-photographe-et-ancien-champion-dapnee-il-capte-les-sportifs-depuis-leau","status":"publish","type":"post","link":"https:\/\/www.europesays.com\/fr\/268121\/","title":{"rendered":"PORTRAIT. \u00ab\u00a0Je ne les vois pas arriver\u00a0\u00bb\u00a0: photographe et ancien champion d\u2019apn\u00e9e, il capte les sportifs depuis l\u2019eau"},"content":{"rendered":"<p>\n                                                                    l&rsquo;essentiel<br \/>\n                                                                Photographe aquatique passionn\u00e9 et ancien champion d\u2019apn\u00e9e, Frank Caillet a capt\u00e9 les championnats du monde de cano\u00eb-kayak depuis l\u2019eau du bassin du Rebech, une premi\u00e8re mondiale.\n                            <\/p>\n<p>Grand sp\u00e9cialiste de l\u2019apn\u00e9e (il a particip\u00e9 \u00e0 deux championnats du monde en Italie et au Japon), Frank Caillet s\u2019est peu \u00e0 peu orient\u00e9 vers la photographie aquatique. Habit\u00e9 par une tr\u00e8s grande cr\u00e9ativit\u00e9, il explore l\u2019univers de la photographie. Bouillonnant d\u2019id\u00e9es et d\u2019ambition, il lui fallait satisfaire son instinct artistique et son besoin d\u2019expression.<\/p>\n<p>Depuis plus de 10 ans, il exerce donc son activit\u00e9 de photographe professionnel, sp\u00e9cialis\u00e9 dans la photo aquatique (appel\u00e9e \u00ab\u00a0underwater\u00a0\u00bb). Il est le seul certifi\u00e9 plongeur hyperbare dans le grand Sud-Ouest. Il ne pouvait donc pas rater les championnats du monde de cano\u00eb-kayak qui se tenaient \u00e0 Foix sur le bassin du Rebech. \u00ab\u00a0Je suis all\u00e9 sur les entra\u00eenements par curiosit\u00e9 et pour voir comment \u00e7a se passait.\u00a0\u00bb<\/p>\n<p>Sauf, qu\u2019il n\u2019avait ni les autorisations, ni le droit. \u00ab\u00a0Je suis donc all\u00e9 m\u2019excuser aupr\u00e8s des organisateurs, de la F\u00e9d\u00e9ration fran\u00e7aise et de la f\u00e9d\u00e9ration internationale. Du coup, ils ont vu les clich\u00e9s que j\u2019avais post\u00e9s sur les r\u00e9seaux sociaux et ils m\u2019ont dit qu\u2019ils \u00e9taient int\u00e9ress\u00e9s. On a donc convenu de cr\u00e9neaux pour que je puisse revenir. Et c\u2019est ce que j\u2019ai fait (rires).\u00a0\u00bb Une grande premi\u00e8re. \u00ab\u00a0On m\u2019a dit que \u00e7a n\u2019avait jamais \u00e9t\u00e9 fait, j\u2019en ai \u00e9t\u00e9 tr\u00e8s surpris.\u00a0\u00bb<\/p>\n<p>        <img decoding=\"async\" class=\"std-img__img responsive-img\" src=\"https:\/\/www.europesays.com\/fr\/wp-content\/uploads\/2025\/07\/1753278192_797_image.jpg\" alt=\"Frank Caillet s\u2019est sp\u00e9cialis\u00e9 dans la photo aquatique.\"\/><\/p>\n<p>                Frank Caillet s\u2019est sp\u00e9cialis\u00e9 dans la photo aquatique.<br \/>\n                                    DDM. &#8211; Lionel Lasserre<\/p>\n<p>Une grosse part de surprise, d\u2019incertitude<\/p>\n<p>Le week-end dernier, le voil\u00e0 donc qui se jette \u00e0 l\u2019eau. Avec curiosit\u00e9. \u00ab\u00a0Je n\u2019avais jamais fait de photos dans de l\u2019eau avec du courant. Et le dimanche, apr\u00e8s les orages de la veille, il y en avait. Il a fallu s\u2019accrocher (rires). Il faut bien choisir son lestage pour ne pas \u00eatre emport\u00e9 par le courant.\u00a0\u00bb Son appareil photo est \u00e0 l\u2019abri dans un caisson subaquatique sp\u00e9cialement con\u00e7u. \u00ab\u00a0\u00c7a p\u00e8se un peu, la manipulation est un peu compliqu\u00e9e.\u00a0\u00bb<\/p>\n<p>En respectant les consignes de s\u00e9curit\u00e9, Frank peut se d\u00e9placer sur tout le bassin, jamais tr\u00e8s loin des athl\u00e8tes. Avec une contrainte principale\u00a0: \u00ab\u00a0Je ne les vois pas arriver. Ils passaient tr\u00e8s, tr\u00e8s vite \u00e0 c\u00f4t\u00e9 de moi.\u00a0\u00bb M\u00eame s\u2019il est exp\u00e9riment\u00e9, il le sait, ses clich\u00e9s, \u00e0 la limite de l\u2019eau, restent al\u00e9atoires. \u00ab\u00a0C\u2019est l\u2019eau qui dessine la photo d\u00e9finitive. Il y a \u00e9galement une grosse part de surprise, d\u2019incertitude. D\u2019un point de vue artistique, j\u2019ai trouv\u00e9 \u00e7a joli m\u00eame si on ne voyait pas le dessous des kayaks ou les pagaies.\u00a0\u00bb<\/p>\n<p>Une exp\u00e9rience unique qui l\u2019a s\u00e9duit. \u00ab\u00a0J\u2019ai beaucoup aim\u00e9. Ce milieu aquatique m\u2019int\u00e9resse \u00e9norm\u00e9ment. On a beaucoup \u00e9chang\u00e9 ensuite avec les organisateurs, par exemple pour am\u00e9liorer la s\u00e9curit\u00e9 d\u2019un photographe dans l\u2019eau.\u00a0\u00bb Une collaboration pourrait se mettre en place \u00e0 l\u2019avenir. \u00ab\u00a0C\u2019\u00e9tait une premi\u00e8re mondiale.\u00a0\u00bb Et c\u2019\u00e9tait sur le bassin du Rebech, \u00e0 Foix.<\/p>\n<p>        <img decoding=\"async\" class=\"std-img__img responsive-img\" src=\"https:\/\/www.europesays.com\/fr\/wp-content\/uploads\/2025\/07\/1753278193_226_image.jpg\" alt=\"Le photographe se rapproche au plus pr\u00e8s ses athl\u00e8tes.\"\/><\/p>\n<p>                Le photographe se rapproche au plus pr\u00e8s ses athl\u00e8tes.<br \/>\n                                    DR. &#8211; franzanton89<\/p>\n","protected":false},"excerpt":{"rendered":"l&rsquo;essentiel Photographe aquatique passionn\u00e9 et ancien champion d\u2019apn\u00e9e, Frank Caillet a capt\u00e9 les championnats du monde de cano\u00eb-kayak&hellip;\n","protected":false},"author":2,"featured_media":268122,"comment_status":"","ping_status":"","sticky":false,"template":"","format":"standard","meta":{"footnotes":""},"categories":[1358],"tags":[1348,1384,1385,1386,58,59,1011,27],"class_list":{"0":"post-268121","1":"post","2":"type-post","3":"status-publish","4":"format-standard","5":"has-post-thumbnail","7":"category-arts-et-design","8":"tag-arts","9":"tag-arts-and-design","10":"tag-arts-et-design","11":"tag-design","12":"tag-divertissement","13":"tag-entertainment","14":"tag-fr","15":"tag-france"},"share_on_mastodon":{"url":"https:\/\/pubeurope.com\/@fr\/114902847636321372","error":""},"_links":{"self":[{"href":"https:\/\/www.europesays.com\/fr\/wp-json\/wp\/v2\/posts\/268121","targetHints":{"allow":["GET"]}}],"collection":[{"href":"https:\/\/www.europesays.com\/fr\/wp-json\/wp\/v2\/posts"}],"about":[{"href":"https:\/\/www.europesays.com\/fr\/wp-json\/wp\/v2\/types\/post"}],"author":[{"embeddable":true,"href":"https:\/\/www.europesays.com\/fr\/wp-json\/wp\/v2\/users\/2"}],"replies":[{"embeddable":true,"href":"https:\/\/www.europesays.com\/fr\/wp-json\/wp\/v2\/comments?post=268121"}],"version-history":[{"count":0,"href":"https:\/\/www.europesays.com\/fr\/wp-json\/wp\/v2\/posts\/268121\/revisions"}],"wp:featuredmedia":[{"embeddable":true,"href":"https:\/\/www.europesays.com\/fr\/wp-json\/wp\/v2\/media\/268122"}],"wp:attachment":[{"href":"https:\/\/www.europesays.com\/fr\/wp-json\/wp\/v2\/media?parent=268121"}],"wp:term":[{"taxonomy":"category","embeddable":true,"href":"https:\/\/www.europesays.com\/fr\/wp-json\/wp\/v2\/categories?post=268121"},{"taxonomy":"post_tag","embeddable":true,"href":"https:\/\/www.europesays.com\/fr\/wp-json\/wp\/v2\/tags?post=268121"}],"curies":[{"name":"wp","href":"https:\/\/api.w.org\/{rel}","templated":true}]}}