{"id":268123,"date":"2025-07-23T13:44:13","date_gmt":"2025-07-23T13:44:13","guid":{"rendered":"https:\/\/www.europesays.com\/fr\/268123\/"},"modified":"2025-07-23T13:44:13","modified_gmt":"2025-07-23T13:44:13","slug":"les-13-meilleurs-livres-de-maxime-chattam","status":"publish","type":"post","link":"https:\/\/www.europesays.com\/fr\/268123\/","title":{"rendered":"Les 13 meilleurs livres de Maxime Chattam"},"content":{"rendered":"<p>Il y a des auteurs qu\u2019on lit pour se d\u00e9tendre, d\u2019autres pour apprendre. Et puis il y a ceux qu\u2019on lit pour \u00eatre bouscul\u00e9, transpirer \u00e0 grosses gouttes en tournant les pages \u00e0 toute allure, se demander si on a bien ferm\u00e9 la porte \u00e0 cl\u00e9. Maxime Chattam appartient sans conteste \u00e0 cette derni\u00e8re cat\u00e9gorie. Et croyez-moi, ce n\u2019est pas qu\u2019un auteur parmi d\u2019autres dans ma <a href=\"https:\/\/www.gqmagazine.fr\/article\/meilleurs-livres-francais-modernes-contemporains-21eme-siecle\" target=\"_blank\" rel=\"noopener\">biblioth\u00e8que<\/a> : c\u2019est un pilier. L\u2019un de ceux qui m\u2019ont fait aimer la litt\u00e9rature noire, le suspense pur, les intrigues troubles aux accents surnaturels.<\/p>\n<p>Maxime Chattam, c\u2019est un peu l\u2019ami qui ne veut pas qu\u2019on dorme paisiblement. L\u2019auteur qui sait que la peur, la vraie, est une affaire de suggestion, de rythme, de d\u00e9tails. Oui, j\u2019ai un faible assum\u00e9 pour lui. Et si vous n\u2019avez jamais os\u00e9 plonger dans ses romans (ou que vous ne savez plus par o\u00f9 commencer, tant il en a \u00e9crit), voici une s\u00e9lection de ses meilleurs titres. Une liste subjective, bien s\u00fbr. Mais croyez-moi : si vous aimez les frissons de qualit\u00e9, vous \u00eates au bon endroit.<\/p>\n<p>La Trilogie du Mal<\/p>\n<p>L&rsquo;\u00c2me du mal (2001), In Tenebris (2003), Mal\u00e9fices (2004)<\/p>\n<p>Si l\u2019on devait ne retenir qu\u2019une porte d\u2019entr\u00e9e dans l\u2019univers gla\u00e7ant de Maxime Chattam, ce serait sans doute celle-l\u00e0. Trois volumes, une ambiance noire comme les rues humides de Portland, et un h\u00e9ros marquant : Joshua Brolin. Ancien profiler du FBI reconverti en inspecteur, Brolin est le genre de personnage qu\u2019on pourrait croiser dans une <a href=\"https:\/\/www.gqmagazine.fr\/article\/meilleures-series-hbo\" target=\"_blank\" rel=\"noopener\">s\u00e9rie HBO<\/a> : tortur\u00e9, brillant, accro au travail. Dans L&rsquo;\u00c2me du mal, il se retrouve confront\u00e9 \u00e0 un tueur en s\u00e9rie d\u00e9j\u00e0 ex\u00e9cut\u00e9&#8230; ou presque. L\u2019enqu\u00eate, poisseuse, m\u00eale meurtres rituels, n\u00e9crophilie et folie pure. In Tenebris poursuit sur cette lanc\u00e9e, avec un trafic d\u2019\u00eatres humains abominable, tandis que Mal\u00e9fices vient clore le cycle dans une apoth\u00e9ose entomologique (oui, les insectes jouent un r\u00f4le d\u00e9cisif). Le couple form\u00e9 par Brolin et Annabel O\u2019Donnel donne \u00e0 cette trilogie une tension \u00e0 la fois polici\u00e8re et sentimentale. Du polar pur jus avec une \u00e9criture visuelle et rythm\u00e9e. Bref, un classique.<\/p>\n<p><a class=\"BaseWrap-sc-gzmcOU BaseText-eqOrNE BaseLink-eTpkqh UnifiedProductEmbedImageLink-hoXjFT deqABF cmsLbY gTGLQc hsGXfw image\" href=\"https:\/\/cna.st\/p\/TdsMtFs7CeQKrVg6E2WftmVjco7u69B6aX6h24WV3NhN5ezefxRPw4rdKNPPpWVLPjKp7PiTEiaWBz6FW9HaYSFhTiYCKwWSa73rp6SGSkzoPC9YhHkgkSsscR21NqtJL8jcBFkgFLqW4PceLTtvfs6A8ezkhbHTCun94GrATtRSouiRHhyYvTM2DYh6sracsBrgEsL1gApk3g\" target=\"_blank\" rel=\"noreferrer noopener sponsored\" tabindex=\"-1\" data-offer-url=\"https:\/\/amzn.to\/3IDo4rv\" aria-hidden=\"true\"><img decoding=\"async\" loading=\"lazy\" alt=\"\" class=\"ResponsiveImageContainer-eNxvmU cfBbTk responsive-image__image\" src=\"https:\/\/www.europesays.com\/fr\/wp-content\/uploads\/2025\/07\/31tAlDoQAPL._SL500_.jpg\"  \/><\/a>Les Arcanes du chaos (2006)<\/p>\n<p>Avec ce roman, Maxime Chattam change de registre mais conserve ce go\u00fbt pour la noirceur de l&rsquo;\u00e2me humaine. On y suit Yael, jeune Parisienne un peu marginale, qui commence \u00e0 voir des ombres dans son miroir. Puis re\u00e7oit des messages cod\u00e9s sur son ordinateur&#8230; d\u00e9branch\u00e9. L\u2019intrigue prend vite un tournant conspirationniste, et le lecteur est entra\u00een\u00e9 dans un complot mondial qui fait froid dans le dos. Ici, les meurtres c\u00e8dent la place \u00e0 la parano\u00efa, mais la tension reste intacte. L&rsquo;\u00e9crivain explore les th\u00e8mes du contr\u00f4le social, des soci\u00e9t\u00e9s secr\u00e8tes et des manipulations de masse avec une ma\u00eetrise impressionnante. Un roman qui fait r\u00e9fl\u00e9chir autant qu\u2019il glace le sang.<\/p>\n<p><a class=\"BaseWrap-sc-gzmcOU BaseText-eqOrNE BaseLink-eTpkqh UnifiedProductEmbedImageLink-hoXjFT deqABF cmsLbY gTGLQc hsGXfw image\" href=\"https:\/\/cna.st\/p\/TdsMtFs7CeQKrVg6E2WftmVjco7u69B6aX6h24WV3NhN5ezefxRPw4rdKNPPpWVLPjKp7PkVJjoRXZAyYazjvAuMykCUojJE3MggHNZwt6JGabbjMMXjv1FHp4pPHKZLB3zrtwurmiFPf1RQZYDrb5Zc49YJm7uewvxMCRHrJETsdizCpy9NNUh3x4inZBUewo7K6fGBZczw8i\" target=\"_blank\" rel=\"noreferrer noopener sponsored\" tabindex=\"-1\" data-offer-url=\"https:\/\/amzn.to\/40umLBp\" aria-hidden=\"true\"><img decoding=\"async\" loading=\"lazy\" alt=\"\" class=\"ResponsiveImageContainer-eNxvmU cfBbTk responsive-image__image\" src=\"https:\/\/www.europesays.com\/fr\/wp-content\/uploads\/2025\/07\/41cWLPf5EkL._SL500_.jpg\"  \/><\/a>Carnages (2006)<\/p>\n<p>Moins de 150 pages et pourtant, ce roman frappe fort, tr\u00e8s fort. L\u2019histoire commence dans un coll\u00e8ge d\u2019Harlem, o\u00f9 un \u00e9l\u00e8ve tire sur ses camarades. Puis un autre \u00e9tablissement. Puis un troisi\u00e8me. Le d\u00e9tective Lamar Gallineo pressent un lien entre ces tueries. Maxime Chattam d\u00e9roule l\u2019intrigue avec une efficacit\u00e9 redoutable. Pas de fioritures : juste l\u2019essentiel. Un portrait gla\u00e7ant de l\u2019Am\u00e9rique arm\u00e9e, o\u00f9 la violence surgit sans raison apparente. L\u2019une des forces de ce texte est son rythme sec, tendu, id\u00e9al pour une lecture en apn\u00e9e.<\/p>\n<p><a class=\"BaseWrap-sc-gzmcOU BaseText-eqOrNE BaseLink-eTpkqh UnifiedProductEmbedImageLink-hoXjFT deqABF cmsLbY gTGLQc hsGXfw image\" href=\"https:\/\/cna.st\/p\/TdsMtFs7CeQKrVg6E2WftmVjco7u69B6aX6h24WV3NhN5ezefxRPw4rdKNPPpWVLPjKp7Pm1s132YZoreoP6imP2LaMX3Dt2nmdFzti8Txg381oUWNBYAvSWT9koSTE8Le7aHUCDDezNqDHfMM36oHLrrKBqHPLKHZWhz195TdUgmrox4EP314VJvpdMBpRapMQRpZUM3xEcFY\" target=\"_blank\" rel=\"noreferrer noopener sponsored\" tabindex=\"-1\" data-offer-url=\"https:\/\/amzn.to\/4lJuILB\" aria-hidden=\"true\"><img decoding=\"async\" loading=\"lazy\" alt=\"\" class=\"ResponsiveImageContainer-eNxvmU cfBbTk responsive-image__image\" src=\"https:\/\/www.europesays.com\/fr\/wp-content\/uploads\/2025\/07\/41X8fRiLhtL._SL500_.jpg\"  \/><\/a>La Promesse des t\u00e9n\u00e8bres (2009)<\/p>\n<p>Maxime Chattam ne nous laisse pas sur notre faim apr\u00e8s la Trilogie du Mal. Dans La Promesse des T\u00e9n\u00e8bres, le spin-off de la trilogie du mal paru en 2009, l&rsquo;auteur \u00e0 succ\u00e8s nous \u00e9claire sur ce qu&rsquo;il est advenu de Brady O&rsquo;Donnel, le mari d&rsquo;Annabel O&rsquo;Donnel, mais dresse aussi le portrait d&rsquo;un couple confront\u00e9 \u00e0 ses d\u00e9mons, plong\u00e9 dans les souterrains New Yorkais. Pas de panique, La Promesse des T\u00e9n\u00e8bres reste une histoire \u00e0 part enti\u00e8re. Les ingr\u00e9dients de ce thriller implacable ? Le journaliste Brady, une actrice porno, une photo, une vid\u00e9o et un suicide. Pourquoi Rubis, l\u2019actrice, s\u2019est-elle donn\u00e9 la mort juste apr\u00e8s avoir souffl\u00e9 quelques mots \u00e0 l\u2019oreille de Brady ? En parall\u00e8le, Annabel m\u00e8ne sa propre enqu\u00eate. Le couple se croise sans jamais vraiment se rejoindre. Ce jeu de double narration donne \u00e0 l\u2019ensemble une tension rare. Le tout dans une ambiance noire, \u00e9rotique, oppressante. Un thriller urbain et visc\u00e9ral.<\/p>\n<p><a class=\"BaseWrap-sc-gzmcOU BaseText-eqOrNE BaseLink-eTpkqh UnifiedProductEmbedImageLink-hoXjFT deqABF cmsLbY gTGLQc hsGXfw image\" href=\"https:\/\/cna.st\/p\/TdsMtFs7CeQKrVg6E2WftmVjco7u69B6aX6h24WV3NhN5ezefxRPw4rdKNPPpWVLPjKp7Pm1NzjdVuitse98hFgBxsjCFVaYPNiKHmis1xneKQtZBBJQkSPyeSYG7MvAz3EyfBst6S8QE7DXMP8ZsuKt4DT9hGiuG68KYJm5VRhunUY3YuHTeKt2DctrsKPgMQ3FwkKKFANqW6\" target=\"_blank\" rel=\"noreferrer noopener sponsored\" tabindex=\"-1\" data-offer-url=\"https:\/\/amzn.to\/4kXkcix\" aria-hidden=\"true\"><img decoding=\"async\" loading=\"lazy\" alt=\"\" class=\"ResponsiveImageContainer-eNxvmU cfBbTk responsive-image__image\" src=\"https:\/\/www.europesays.com\/fr\/wp-content\/uploads\/2025\/07\/41l6W DfibL._SL500_.jpg\"  \/><\/a><\/p>\n<p id=\"upc_687f8ee26e7617be296f787c\" type=\"embed\" class=\"BaseWrap-sc-gzmcOU BaseText-eqOrNE UnifiedProductCardName-jDmuEE deqABF gKpkyK goVFxQ\">La promesse des t\u00e9n\u00e8bres<\/p>\n<p>La Conjuration Primitive (2013)<\/p>\n<p>Quand le mal devient un r\u00e9seau. Dans ce roman, Maxime Chattam nous plonge au c\u0153ur d\u2019une organisation invisible, une sorte de soci\u00e9t\u00e9 secr\u00e8te du crime, anonyme, d\u00e9centralis\u00e9e, presque inhumaine. Meurtres rituels, crimes gratuits, sc\u00e8nes de carnage sans lien apparent : tout semble \u00e9chapper \u00e0 la logique. L\u2019inspecteur Ludivine Vancker, \u00e9paul\u00e9e par Segnon, tente de d\u00e9m\u00ealer cette toile d\u2019horreur. Mais les indices m\u00e8nent \u00e0 une entit\u00e9 qui n\u2019a ni visage ni centre : une \u201cconjuration primitive\u201d nourrie par les pulsions sadiques les plus archa\u00efques. Ce livre est une r\u00e9flexion sombre sur la nature du mal, sa propagation virale, sa banalisation dans nos soci\u00e9t\u00e9s modernes. Sans concessions, l&rsquo;\u00e9crivain pousse ici son style dans ses retranchements les plus sombres et livre une fresque haletante, presque insoutenable par moments, mais d\u2019une efficacit\u00e9 redoutable.<\/p>\n<p><a class=\"BaseWrap-sc-gzmcOU BaseText-eqOrNE BaseLink-eTpkqh UnifiedProductEmbedImageLink-hoXjFT deqABF cmsLbY gTGLQc hsGXfw image\" href=\"https:\/\/cna.st\/p\/TdsMtFs7CeQKrVg6E2WftmVjco7u69B6aX6h24WV3NhN5ezefxRPw4rdKNPPpWVLPjKp7PkVJd7uaWtCXneprtfEQBnUuWr6qjW8o7R3McBivb65djK9ksESq43MWMCjUxiUx4JN6ZRN5N1NgxkLaiGgL8t7pENYTrqaokhfw5dRfaksD3upbsAGhsjLzNHESJ6aXMcEozJuG2\" target=\"_blank\" rel=\"noreferrer noopener sponsored\" tabindex=\"-1\" data-offer-url=\"https:\/\/amzn.to\/40tnmDs\" aria-hidden=\"true\"><img decoding=\"async\" loading=\"lazy\" alt=\"\" class=\"ResponsiveImageContainer-eNxvmU cfBbTk responsive-image__image\" src=\"https:\/\/www.europesays.com\/fr\/wp-content\/uploads\/2025\/07\/41dmoRd8aHL._SL500_.jpg\"  \/><\/a>Que ta volont\u00e9 soit faite (2015)<\/p>\n<p>Un huis clos \u00e0 ciel ouvert. Ce roman s\u2019\u00e9carte des intrigues polici\u00e8res pour offrir une plong\u00e9e dans la psychologie du mal. Jon Petersen est un monstre en devenir. D\u00e8s l\u2019enfance, il manifeste une cruaut\u00e9 glaciale : torturer des insectes, humilier les autres enfants, se repa\u00eetre de la peur. \u00c0 mesure que les ann\u00e9es passent, sa noirceur se raffine. Il devient un expert de la manipulation, un \u00eatre cam\u00e9l\u00e9on, qui d\u00e9truit sans bruit. Le roman suit son parcours sans jamais le juger, adoptant une posture de t\u00e9moin impuissant. L\u2019Am\u00e9rique rurale, \u00e9touffante, devient le th\u00e9\u00e2tre d\u2019une lente mont\u00e9e en horreur. Ici, pas de r\u00e9demption. Pas d\u2019enqu\u00eateur. Juste un malaise diffus, une tension qui monte lentement jusqu\u2019\u00e0 un final d\u2019une violence s\u00e8che. Maxime Chattam signe ici l\u2019un de ses romans les plus d\u00e9rangeants, mais aussi l\u2019un des plus litt\u00e9raires, en forme de parabole noire sur la nature humaine.<\/p>\n<p><a class=\"BaseWrap-sc-gzmcOU BaseText-eqOrNE BaseLink-eTpkqh UnifiedProductEmbedImageLink-hoXjFT deqABF cmsLbY gTGLQc hsGXfw image\" href=\"https:\/\/cna.st\/p\/TdsMtFs7CeQKrVg6E2WftmVjco7u69B6aX6h24WV3NhN5ezefxRPw4rdKNPPpWVLPjKp7Pm3M5rGfA2QEGzoAVAgtEcdkWFrwVSj3n8NJwfUYf5hRt41TzL6wdymUYKcUGM29dozz6dxoy7BmPHDEFrdrErK3Bw8EzQjr6HnrnpWB8LsDofo1sHTaS8dsrXXimgjYfwnBY6mPC\" target=\"_blank\" rel=\"noreferrer noopener sponsored\" tabindex=\"-1\" data-offer-url=\"https:\/\/amzn.to\/4o2qXlW\" aria-hidden=\"true\"><img decoding=\"async\" loading=\"lazy\" alt=\"\" class=\"ResponsiveImageContainer-eNxvmU cfBbTk responsive-image__image\" src=\"https:\/\/www.europesays.com\/fr\/wp-content\/uploads\/2025\/07\/51Ll8PXCnPL._SL500_.jpg\"  \/><\/a><\/p>\n<p id=\"upc_687f8faade7e2d699901a4a7\" type=\"embed\" class=\"BaseWrap-sc-gzmcOU BaseText-eqOrNE UnifiedProductCardName-jDmuEE deqABF gKpkyK goVFxQ\">Que ta volont\u00e9 soit faite<\/p>\n<p>L\u2019appel du n\u00e9ant (2017)<\/p>\n<p>Retour aux enqu\u00eates classiques avec Ludivine Vancker, profileuse du SRPJ. Deux fils rouges s\u2019entrelacent : une s\u00e9rie de meurtres atroces qui semble n\u2019avoir ni mobile ni logique, et une op\u00e9ration antiterroriste sur le point d\u2019exploser. Entre sc\u00e8nes de crime insoutenables et r\u00e9unions de crise \u00e0 haute tension, Maxime Chattam tisse un r\u00e9cit complexe et ancr\u00e9 dans l\u2019actualit\u00e9. Il interroge les fronti\u00e8res entre folie individuelle et fanatisme collectif, et n\u2019h\u00e9site pas \u00e0 poser des questions g\u00eanantes : o\u00f9 finit la justice ? o\u00f9 commence l\u2019exception ? Le style reste nerveux, mais gagne en maturit\u00e9. Les personnages, eux, prennent chair, notamment Ludivine, que l\u2019on suit jusque dans ses doutes les plus intimes. Un roman intense, o\u00f9 la peur se m\u00eale \u00e0 la r\u00e9flexion.<\/p>\n<p><a class=\"BaseWrap-sc-gzmcOU BaseText-eqOrNE BaseLink-eTpkqh UnifiedProductEmbedImageLink-hoXjFT deqABF cmsLbY gTGLQc hsGXfw image\" href=\"https:\/\/cna.st\/p\/TdsMtFs7CeQKrVg6E2WftmVjco7u69B6aX6h24WV3NhN5ezefxRPw4rdKNPPpWVLPjKp7Pm1MpwVQmumsgsv2NRtb574AiJZ71ov3rS1Np3D5nqQKxKVWpuhTq96ufhikeFZ1oS3vg4KfCZPrgDoUQVy6hqC156oeJnKkYfgKUeAbNKUV5az3jfMde37mGteXZQPXS5km6Excn\" target=\"_blank\" rel=\"noreferrer noopener sponsored\" tabindex=\"-1\" data-offer-url=\"https:\/\/amzn.to\/4kNQ4WD\" aria-hidden=\"true\"><img decoding=\"async\" loading=\"lazy\" alt=\"\" class=\"ResponsiveImageContainer-eNxvmU cfBbTk responsive-image__image\" src=\"https:\/\/www.europesays.com\/fr\/wp-content\/uploads\/2025\/07\/41E96GDcu6L._SL500_.jpg\"  \/><\/a>Le Signal (2018)<\/p>\n<p>Maxime Chattam s\u2019essaie \u00e0 l\u2019horreur surnaturelle dans ce roman \u00e0 mi-chemin entre <a href=\"https:\/\/www.gqmagazine.fr\/article\/meilleures-adaptations-romans-stephen-king-cinema\" target=\"_blank\" rel=\"noopener\">Stephen King<\/a> et <a href=\"https:\/\/www.gqmagazine.fr\/article\/stranger-things-saison-5-date-histoire-casting-bande-annonce\" target=\"_blank\" rel=\"noopener\">Stranger Things<\/a>. Au centre de l&rsquo;histoire, nous retrouvons la famille Spencer, qui quitte New York pour d\u00e9m\u00e9nager dans un grande maison. Mais des \u00e9v\u00e8nements \u00e9tranges et inexpliqu\u00e9s voient tr\u00e8s vite le jour : des ombres mena\u00e7antes r\u00f4dent tr\u00e8s vite autour des lieux, les radios se brouillent, des cris terrifiants se font entendre et les morts se succ\u00e8dent. Ce sont les enfants Spencer qui vont mener leur propre enqu\u00eate, sans se douter des risques et cons\u00e9quences de leurs actes. Du c\u00f4t\u00e9 de la police, le jeune lieutenant Ethan Cobb est lui aussi d\u00e9cid\u00e9 \u00e0 expliquer l&rsquo;inexplicable. \u00c0 la fois thriller, policier, <a href=\"https:\/\/www.gqmagazine.fr\/article\/meilleurs-livres-science-fiction\" target=\"_blank\" rel=\"noopener\">science-fiction<\/a>, ce roman plaira aux amateurs de grands frissons. Un v\u00e9ritable page-turner, qui m\u00eale fantastique et polar avec brio.<\/p>\n<p><a class=\"BaseWrap-sc-gzmcOU BaseText-eqOrNE BaseLink-eTpkqh UnifiedProductEmbedImageLink-hoXjFT deqABF cmsLbY gTGLQc hsGXfw image\" href=\"https:\/\/cna.st\/p\/TdsMtFs7CeQKrVg6E2WftmVjco7u69B6aX6h24WV3NhN5ezefxRPw4rdKNPPpWVLPjKp7PkVgvtCUkLw9TcENVEgEr4sehnntKJbQdEzQjRZukCQtpXXqm1qwiH25NGXdshoN8FyPQ4985WPtHs51D2KYydFwKpzp7urEh8z2k1yjJn4sUJbyC5PWUUvdwa3umfWzW8oyU7e3g\" target=\"_blank\" rel=\"noreferrer noopener sponsored\" tabindex=\"-1\" data-offer-url=\"https:\/\/amzn.to\/4157iaY\" aria-hidden=\"true\"><img decoding=\"async\" loading=\"lazy\" alt=\"\" class=\"ResponsiveImageContainer-eNxvmU cfBbTk responsive-image__image\" src=\"https:\/\/www.europesays.com\/fr\/wp-content\/uploads\/2025\/07\/51N8TYG1K4L._SL500_.jpg\"  \/><\/a>Un(e)secte (2019)<\/p>\n<p>Dans ce thriller, Maxime Chattam glisse juste ce qu&rsquo;il faut de fantastique pour accompagner son intrigue, sans pour autant glisser dans un second genre. Une alerte \u00e9cologique d\u00e9guis\u00e9e en thriller. Ici, les trois quarts des animaux de la plan\u00e8te sont des insectes, sans parler des arachnides et autres esp\u00e8ces. Et quand les insectes se rebellent (ou presque), les hommes doivent faire face. Apr\u00e8s une disparition et une mort \u00e9trange, deux personnages que tout oppose vont mener l&rsquo;enqu\u00eate : Kat Kordell, une d\u00e9tective, et Atticus Gore, un policier. Ils ne se connaissent pas, et vont avoir recours \u00e0 des investigation parall\u00e8les tout au long du roman, jusqu&rsquo;au moment ou ils vont mettre le doigt sur ce qu&rsquo;ils n&rsquo;auraient pas d\u00fb trouver\u2026 Dans ce roman gla\u00e7ant, l&rsquo;auteur laisse planer un suspens diabolique de bout en bout, mais nous fait aussi r\u00e9fl\u00e9chir sur nos modes de vie. Un livre qui pique. Litt\u00e9ralement.<\/p>\n<p><a class=\"BaseWrap-sc-gzmcOU BaseText-eqOrNE BaseLink-eTpkqh UnifiedProductEmbedImageLink-hoXjFT deqABF cmsLbY gTGLQc hsGXfw image\" href=\"https:\/\/cna.st\/p\/TdsMtFs7CeQKrVg6E2WftmVjco7u69B6aX6h24WV3NhN5ezefxRPw4rdKNPPpWVLPjKp7Pm2RHCZXFFA4yvC6VoXf47nJgbpzxmW9ak9FCTovv4KbVGjsL2uLQg9vP7Bc55teq2xoTm4GpnPF5bSE4PKgfXNPuhESUkTyvw1qhBPS6Yr6j2371tjiwhW6LPbdJvBjUTqJbYoLJ\" target=\"_blank\" rel=\"noreferrer noopener sponsored\" tabindex=\"-1\" data-offer-url=\"https:\/\/amzn.to\/4manmR6\" aria-hidden=\"true\"><img decoding=\"async\" loading=\"lazy\" alt=\"\" class=\"ResponsiveImageContainer-eNxvmU cfBbTk responsive-image__image\" src=\"https:\/\/www.europesays.com\/fr\/wp-content\/uploads\/2025\/07\/51xXWu0gjvL._SL500_.jpg\"  \/><\/a>Prime Time (2024)<\/p>\n<p>Le tout dernier Maxime Chattam s\u2019attaque au monde m\u00e9diatique. Au moment du journal t\u00e9l\u00e9vis\u00e9 de 20 h, regard\u00e9 en direct par des millions de t\u00e9l\u00e9spectateurs, un homme masqu\u00e9 prend en otage le pr\u00e9sentateur vedette de la premi\u00e8re chaine nationale. L&rsquo;homme \u00e0 la voix d\u00e9form\u00e9e pose un ultimatum : si le direct est coup\u00e9, il le tue. GIGN, procureur, politiciens et direction de la cha\u00eene s&rsquo;agitent en r\u00e9gie, tandis qu&rsquo;un jeu de manipulation d\u00e9marre entre le n\u00e9gociateur et le preneur d&rsquo;otage. Ce roman d\u00e9nonce une soci\u00e9t\u00e9 du spectacle qui flirte avec la d\u00e9viance. L&rsquo;\u00e9crivain s\u2019amuse avec les <a href=\"https:\/\/www.gqmagazine.fr\/article\/meilleurs-livres-de-stephen-king-que-tout-fan-d-horreur-doit-avoir-lu\" target=\"_blank\" rel=\"noopener\">codes du thriller<\/a> tout en livrant une critique sociale cinglante. Le tout, bien s\u00fbr, sans l\u00e2cher le lecteur une seule seconde.<\/p>\n","protected":false},"excerpt":{"rendered":"Il y a des auteurs qu\u2019on lit pour se d\u00e9tendre, d\u2019autres pour apprendre. Et puis il y a&hellip;\n","protected":false},"author":2,"featured_media":268124,"comment_status":"","ping_status":"","sticky":false,"template":"","format":"standard","meta":{"footnotes":""},"categories":[1357],"tags":[1379,58,59,1011,27,1408,2003,1380,27347],"class_list":{"0":"post-268123","1":"post","2":"type-post","3":"status-publish","4":"format-standard","5":"has-post-thumbnail","7":"category-livres","8":"tag-books","9":"tag-divertissement","10":"tag-entertainment","11":"tag-fr","12":"tag-france","13":"tag-horreur","14":"tag-livre","15":"tag-livres","16":"tag-stephen-king"},"share_on_mastodon":{"url":"https:\/\/pubeurope.com\/@fr\/114902851182518397","error":""},"_links":{"self":[{"href":"https:\/\/www.europesays.com\/fr\/wp-json\/wp\/v2\/posts\/268123","targetHints":{"allow":["GET"]}}],"collection":[{"href":"https:\/\/www.europesays.com\/fr\/wp-json\/wp\/v2\/posts"}],"about":[{"href":"https:\/\/www.europesays.com\/fr\/wp-json\/wp\/v2\/types\/post"}],"author":[{"embeddable":true,"href":"https:\/\/www.europesays.com\/fr\/wp-json\/wp\/v2\/users\/2"}],"replies":[{"embeddable":true,"href":"https:\/\/www.europesays.com\/fr\/wp-json\/wp\/v2\/comments?post=268123"}],"version-history":[{"count":0,"href":"https:\/\/www.europesays.com\/fr\/wp-json\/wp\/v2\/posts\/268123\/revisions"}],"wp:featuredmedia":[{"embeddable":true,"href":"https:\/\/www.europesays.com\/fr\/wp-json\/wp\/v2\/media\/268124"}],"wp:attachment":[{"href":"https:\/\/www.europesays.com\/fr\/wp-json\/wp\/v2\/media?parent=268123"}],"wp:term":[{"taxonomy":"category","embeddable":true,"href":"https:\/\/www.europesays.com\/fr\/wp-json\/wp\/v2\/categories?post=268123"},{"taxonomy":"post_tag","embeddable":true,"href":"https:\/\/www.europesays.com\/fr\/wp-json\/wp\/v2\/tags?post=268123"}],"curies":[{"name":"wp","href":"https:\/\/api.w.org\/{rel}","templated":true}]}}