{"id":268125,"date":"2025-07-23T13:45:17","date_gmt":"2025-07-23T13:45:17","guid":{"rendered":"https:\/\/www.europesays.com\/fr\/268125\/"},"modified":"2025-07-23T13:45:17","modified_gmt":"2025-07-23T13:45:17","slug":"joel-battu-dans-tout-le-monde-veut-prendre-sa-place-son-offre-a-t-elle-ete-acceptee-par-son-adversaire-video","status":"publish","type":"post","link":"https:\/\/www.europesays.com\/fr\/268125\/","title":{"rendered":"Jo\u00ebl battu dans Tout le monde veut prendre sa place, son offre a-t-elle \u00e9t\u00e9 accept\u00e9e par son adversaire ? (VIDEO)"},"content":{"rendered":"<p>Ce mercredi 23 juillet, Jo\u00ebl le grand champion de Tout le monde veut prendre sa place sur France 2, a \u00e9t\u00e9 battu lors du d\u00e9fi,,pour la cinqui\u00e8me fois depuis ses d\u00e9buts dans le jeu. Il a propos\u00e9 \u00e0 son adversaire une tr\u00e8s belle somme pour tenter de garder sa place dans le fauteuil\u2026 Mais a-t-il r\u00e9ussi ?<\/p>\n<p>C&rsquo;est la cinqui\u00e8me fois que Jo\u00ebl flanche face \u00e0 son adversaire lors du d\u00e9fi\u00a0! En effet, ce mercredi 23\u00a0juillet le c\u00e9l\u00e8bre champion de <a href=\"https:\/\/www.programme-tv.net\/programme\/autre\/r305713-tout-le-monde-veut-prendre-sa-place\/\" target=\"_blank\" rel=\"noopener\">Tout le monde veut prendre sa place <\/a>sur France 2 tentait une nouvelle fois sa chance dans le jeu pr\u00e9sent\u00e9 par <a href=\"https:\/\/www.programme-tv.net\/biographie\/45685-feraud-cyril\/\" data-api-deeplink=\"teleloisirs:\/\/person\/45685\" target=\"_blank\" rel=\"noopener\">Cyril F\u00e9raud<\/a>, dont il occupe le fameux fauteuil rouge depuis la fin du mois de janvier\u00a02025. Si, au fil des jours, l&rsquo;ancien conducteur de train n&rsquo;a de cesse d&rsquo;impressionner par ses connaissances &#8211; qui lui ont permis d&rsquo;accumuler une cagnotte de plus de 155\u00a0000\u00a0euros -, il a aussi montr\u00e9 quelques faiblesses face \u00e0 certains candidats et d\u00fb d\u00e9bourser un peu de son pactole pour pouvoir racheter sa place dans l&rsquo;\u00e9mission de la mi-journ\u00e9e.<\/p>\n<p>Tout le monde veut prendre sa place\u00a0: Jo\u00ebl a-t-il r\u00e9ussi \u00e0 convaincre son adversaire de lui laisser le fauteuil de champion\u00a0?<\/p>\n<p>C&rsquo;est notamment ce qui s&rsquo;est pass\u00e9 ce mercredi. En duel avec Franck &#8211; pour qui il avait choisi un questionnaire consacr\u00e9 \u00e0 la litt\u00e9rature \u00e9rotique &#8211; <a href=\"https:\/\/www.programme-tv.net\/biographie\/4119759-joel-tout-le-monde-veut-prendre-sa-place\/\" data-api-deeplink=\"teleloisirs:\/\/person\/4119759\" target=\"_blank\" rel=\"noopener\"><b>Jo\u00ebl<\/b><\/a> a malheureusement totalis\u00e9 moins de bonnes r\u00e9ponses que son adversaire. <b>Le challenger a ainsi remport\u00e9 le d\u00e9fi d&rsquo;une courte t\u00eate avec 21 points contre 20 pour le champion\u2026<\/b> Ce dernier n&rsquo;a donc eu qu&rsquo;une seule option, mettre la main au portefeuille pour tenter de convaincre Franck de le laisser regagner son tr\u00e8s convoit\u00e9 fauteuil\u00a0! Il a <b>propos\u00e9 de lui offrir 6\u00a0000\u00a0euros de sa cagnotte pour que celui-ci reparte avec un total de 8\u00a0100\u00a0euros <\/b>(cumul\u00e9 \u00e0 la somme remport\u00e9e gr\u00e2ce \u00e0 ses bonnes r\u00e9ponses lors du jeu). Et fort heureusement pour lui, son concurrent a accept\u00e9 le don, soulignant d&rsquo;ailleurs son choix avec humour, en assurant vouloir suivre <b>le credo d&rsquo;un des films de <\/b><a href=\"https:\/\/www.programme-tv.net\/biographie\/4761-allen-woody\/\" data-api-deeplink=\"teleloisirs:\/\/person\/4761\" target=\"_blank\" rel=\"noopener\"><b>Woody Allen<\/b><\/a><b>\u00a0: \u00ab\u00a0<\/b><b>Prends l&rsquo;oseille et tire-toi\u00a0!<\/b><b>\u00ab\u00a0<\/b> De quoi amuser le champion et l&rsquo;animateur\u00a0!<\/p>\n<p>                        Tout le monde veut prendre sa place\u00a0: Une cinqui\u00e8me d\u00e9faite pour Jo\u00ebl<\/p>\n<p>S&rsquo;il a donc pu racheter sa place, cela fait cinq fois que Jo\u00ebl flanche face \u00e0 un candidat. La derni\u00e8re fois remontre \u00e0 10 jours seulement alors qu&rsquo;il jouait contre C\u00e9cile.<a href=\"https:\/\/www.programme-tv.net\/news\/tv\/383270-joel-tout-le-monde-veut-prendre-sa-place-tout-proche-de-l-elimination-cette-enorme-somme-qu-il-a-deboursee-pour-rester-dans-son-fauteuil-video\/\" data-api-deeplink=\"teleloisirs:\/\/news\/383270\" target=\"_blank\" rel=\"noopener\"> Il avait alors d\u00e9pens\u00e9 8\u00a0000\u00a0euros <\/a>de son butin pour poursuivre son aventure. Il totalise actuellement 170 victoires et une cagnotte de 157\u00a0000\u00a0euros.<\/p>\n","protected":false},"excerpt":{"rendered":"Ce mercredi 23 juillet, Jo\u00ebl le grand champion de Tout le monde veut prendre sa place sur France&hellip;\n","protected":false},"author":2,"featured_media":268126,"comment_status":"","ping_status":"","sticky":false,"template":"","format":"standard","meta":{"footnotes":""},"categories":[1356],"tags":[244,12119,58,59,1011,27,594,14497,252,12120,1364],"class_list":{"0":"post-268125","1":"post","2":"type-post","3":"status-publish","4":"format-standard","5":"has-post-thumbnail","7":"category-television","8":"tag-commentaire","9":"tag-cyril-fu00e9raud","10":"tag-divertissement","11":"tag-entertainment","12":"tag-fr","13":"tag-france","14":"tag-france-2","15":"tag-jou00ebl-tout-le-monde-veut-prendre-sa-place","16":"tag-television","17":"tag-tout-le-monde-veut-prendre-sa-place","18":"tag-tv"},"share_on_mastodon":{"url":"https:\/\/pubeurope.com\/@fr\/114902854839824185","error":""},"_links":{"self":[{"href":"https:\/\/www.europesays.com\/fr\/wp-json\/wp\/v2\/posts\/268125","targetHints":{"allow":["GET"]}}],"collection":[{"href":"https:\/\/www.europesays.com\/fr\/wp-json\/wp\/v2\/posts"}],"about":[{"href":"https:\/\/www.europesays.com\/fr\/wp-json\/wp\/v2\/types\/post"}],"author":[{"embeddable":true,"href":"https:\/\/www.europesays.com\/fr\/wp-json\/wp\/v2\/users\/2"}],"replies":[{"embeddable":true,"href":"https:\/\/www.europesays.com\/fr\/wp-json\/wp\/v2\/comments?post=268125"}],"version-history":[{"count":0,"href":"https:\/\/www.europesays.com\/fr\/wp-json\/wp\/v2\/posts\/268125\/revisions"}],"wp:featuredmedia":[{"embeddable":true,"href":"https:\/\/www.europesays.com\/fr\/wp-json\/wp\/v2\/media\/268126"}],"wp:attachment":[{"href":"https:\/\/www.europesays.com\/fr\/wp-json\/wp\/v2\/media?parent=268125"}],"wp:term":[{"taxonomy":"category","embeddable":true,"href":"https:\/\/www.europesays.com\/fr\/wp-json\/wp\/v2\/categories?post=268125"},{"taxonomy":"post_tag","embeddable":true,"href":"https:\/\/www.europesays.com\/fr\/wp-json\/wp\/v2\/tags?post=268125"}],"curies":[{"name":"wp","href":"https:\/\/api.w.org\/{rel}","templated":true}]}}