{"id":268141,"date":"2025-07-23T13:53:10","date_gmt":"2025-07-23T13:53:10","guid":{"rendered":"https:\/\/www.europesays.com\/fr\/268141\/"},"modified":"2025-07-23T13:53:10","modified_gmt":"2025-07-23T13:53:10","slug":"lappartement-de-miss-ukraine-2018-detruit-par-des-bombardements-russes-sur-kiev","status":"publish","type":"post","link":"https:\/\/www.europesays.com\/fr\/268141\/","title":{"rendered":"L\u2019appartement de Miss Ukraine 2018 d\u00e9truit par des bombardements russes sur Kiev"},"content":{"rendered":"<p>Les frappes et bombardements russes d\u00e9truisent chaque jour des logements en <a href=\"https:\/\/www.20minutes.fr\/monde\/ukraine\/4163577-20250714-guerre-ukraine-etats-unis-otan-vont-envoyer-tres-grand-nombre-equipements-militaires\" class=\"color-ultramarine c-link\" rel=\"nofollow noopener\" target=\"_blank\">Ukraine<\/a>, semant la mort et causant de nombreux d\u00e9g\u00e2ts. Lundi, une frappe a ravag\u00e9 l\u2019appartement de Bohdana Tarasyk, Miss Ukraine International 2018, a annonc\u00e9 la jeune femme sur son compte Instagram. Une information rep\u00e9r\u00e9e par <a href=\"https:\/\/www.laprovence.com\/article\/france-monde\/11987024032586\/ils-mont-tout-pris-lappartement-de-miss-ukraine-detruit-pas-des-bombardements-russes-a-kiev\" target=\"_blank\" class=\"color-ultramarine c-link\" rel=\"nofollow noopener\">La Provence<\/a>.<\/p>\n<p class=\"mb-xxl@xs color-ultramarine font-weight-semi-bold@xs font-source-serif-pro heading-s@xs\">L\u2019acc\u00e8s \u00e0 ce contenu a \u00e9t\u00e9 bloqu\u00e9 afin de respecter votre choix de consentement<\/p>\n<p class=\"mb-m@xs text-l@xs\">En cliquant sur\u00ab J\u2019accepte \u00bb, vous acceptez le d\u00e9p\u00f4t de cookies par des services externes et aurez ainsi acc\u00e8s aux contenus de nos partenaires.<\/p>\n<p class=\"mb-xl@xs text-s@xs\">Plus d\u2019informations sur la page<a href=\"https:\/\/www.20minutes.fr\/gestion-cookies\" class=\"mx-xxs@xs color-ultramarine\" rel=\"nofollow noopener\" target=\"_blank\">Politique de gestion des cookies<\/a><\/p>\n<p>J\u2019accepte<\/p>\n<p>Bohdana Tarasyk a partag\u00e9 sur le r\u00e9seau social plusieurs photos de l\u2019appartement d\u00e9vast\u00e9 o\u00f9 elle se tient, les murs noircis et cribl\u00e9s d\u2019impacts, le mobilier d\u00e9truit.<\/p>\n<p>D\u00e9m\u00e9nagement en attendant la naissance de son enfant<\/p>\n<p>La jeune femme, enceinte, doit accoucher \u00ab\u00a0dans 2-3 semaines\u00a0\u00bb. Elle \u00e9voque sa m\u00e8re qui \u00ab\u00a0n\u2019a surv\u00e9cu (au bombardement) que parce qu\u2019elle s\u2019est mise \u00e0 l\u2019abri apr\u00e8s une alarme a\u00e9rienne\u00a0\u00bb. Sa d\u00e9cision \u00ab\u00a0de se cacher lui a sauv\u00e9 la vie\u00a0\u00bb. Sur l\u2019un des clich\u00e9s, un chat est emmitoufl\u00e9 dans une \u00e9charpe, tenu dans les bras d\u2019une personne.<\/p>\n<\/p>\n<p>Dans cette publication, le mannequin annonce d\u00e9m\u00e9nager avec son mari, sa m\u00e8re et trois animaux en attendant la naissance de son b\u00e9b\u00e9. Visant les agresseurs russes, Bohdana Tarasyk \u00e9crit\u00a0: \u00ab\u00a0ils m\u2019ont tout pris\u00a0\u00bb, mais appelle \u00e0 aller de l\u2019avant. Sous son message, Bohdana Tarasyk a re\u00e7u de nombreux soutiens de sa communaut\u00e9.<\/p>\n<p>Intensification des bombardements russes en Ukraine<\/p>\n<p>Ces derniers mois, la Russie <a href=\"https:\/\/www.20minutes.fr\/monde\/ukraine\/4164474-20250720-guerre-ukraine-russie-intensifie-frappes-avant-possibles-nouveaux-pourparlers\" class=\"color-ultramarine c-link\" rel=\"nofollow noopener\" target=\"_blank\">intensifie ses frappes<\/a> et bombardements sur les villes ukrainiennes, dont la capitale Kiev. Le pays m\u00e8ne son offensive terrestre dans l\u2019est du pays, o\u00f9 ses troupes avancent lentement, mais r\u00e9guli\u00e8rement.<\/p>\n<p>Ce mercredi soir, des d\u00e9l\u00e9gations russes et ukrainiennes doivent se rencontrer \u00e0 Istanbul afin de <a href=\"https:\/\/www.20minutes.fr\/monde\/ukraine\/4164902-20250723-direct-guerre-ukraine-russes-ukrainiens-rencontrent-turquie\" class=\"color-ultramarine c-link\" rel=\"nofollow noopener\" target=\"_blank\">n\u00e9gocier une issue diplomatique<\/a> au conflit qui dure depuis trois ans. Les espoirs d\u2019un cessez-le-feu sont cependant maigres.<\/p>\n","protected":false},"excerpt":{"rendered":"Les frappes et bombardements russes d\u00e9truisent chaque jour des logements en Ukraine, semant la mort et causant de&hellip;\n","protected":false},"author":2,"featured_media":268142,"comment_status":"","ping_status":"","sticky":false,"template":"","format":"standard","meta":{"footnotes":""},"categories":[5],"tags":[47,11,1120,9071,2424,4755,10489,312,652,1011,27,33159,131,2440,14,4998,13505,74,1916,12,132,28],"class_list":{"0":"post-268141","1":"post","2":"type-post","3":"status-publish","4":"format-standard","5":"has-post-thumbnail","7":"category-international","8":"tag-actualite","9":"tag-actualites","10":"tag-agression","11":"tag-appartement","12":"tag-beaute","13":"tag-bombardement","14":"tag-bombe","15":"tag-diplomatie","16":"tag-famille","17":"tag-fr","18":"tag-france","19":"tag-frappes-aeriennes","20":"tag-guerre-en-ukraine","21":"tag-instagram","22":"tag-international","23":"tag-kremlin","24":"tag-mannequin","25":"tag-monde","26":"tag-moscou","27":"tag-news","28":"tag-russie","29":"tag-world"},"share_on_mastodon":{"url":"https:\/\/pubeurope.com\/@fr\/114902886270528931","error":""},"_links":{"self":[{"href":"https:\/\/www.europesays.com\/fr\/wp-json\/wp\/v2\/posts\/268141","targetHints":{"allow":["GET"]}}],"collection":[{"href":"https:\/\/www.europesays.com\/fr\/wp-json\/wp\/v2\/posts"}],"about":[{"href":"https:\/\/www.europesays.com\/fr\/wp-json\/wp\/v2\/types\/post"}],"author":[{"embeddable":true,"href":"https:\/\/www.europesays.com\/fr\/wp-json\/wp\/v2\/users\/2"}],"replies":[{"embeddable":true,"href":"https:\/\/www.europesays.com\/fr\/wp-json\/wp\/v2\/comments?post=268141"}],"version-history":[{"count":0,"href":"https:\/\/www.europesays.com\/fr\/wp-json\/wp\/v2\/posts\/268141\/revisions"}],"wp:featuredmedia":[{"embeddable":true,"href":"https:\/\/www.europesays.com\/fr\/wp-json\/wp\/v2\/media\/268142"}],"wp:attachment":[{"href":"https:\/\/www.europesays.com\/fr\/wp-json\/wp\/v2\/media?parent=268141"}],"wp:term":[{"taxonomy":"category","embeddable":true,"href":"https:\/\/www.europesays.com\/fr\/wp-json\/wp\/v2\/categories?post=268141"},{"taxonomy":"post_tag","embeddable":true,"href":"https:\/\/www.europesays.com\/fr\/wp-json\/wp\/v2\/tags?post=268141"}],"curies":[{"name":"wp","href":"https:\/\/api.w.org\/{rel}","templated":true}]}}