{"id":268143,"date":"2025-07-23T13:54:10","date_gmt":"2025-07-23T13:54:10","guid":{"rendered":"https:\/\/www.europesays.com\/fr\/268143\/"},"modified":"2025-07-23T13:54:10","modified_gmt":"2025-07-23T13:54:10","slug":"direct-prison-de-haute-securite-une-figure-de-lescroquerie-a-la-taxe-carbone-y-est-incarceree","status":"publish","type":"post","link":"https:\/\/www.europesays.com\/fr\/268143\/","title":{"rendered":"DIRECT. Prison de haute securit\u00e9 : \u00ab Une figure de l&rsquo;escroquerie \u00e0 la taxe carbone y est incarc\u00e9r\u00e9e \u00bb"},"content":{"rendered":"<p class=\"col subheadline margin_bottom_subheadline\">17 d\u00e9tenus ont \u00e9t\u00e9 transf\u00e9r\u00e9s hier \u00e0 la prison de haute s\u00e9curit\u00e9 de Vendin-le-Vieil (Pas-de-Calais). Ils sont les premiers narcotrafiquants, d&rsquo;autres doivent arriver d&rsquo;ici mi-septembre. Qui sont-ils ? Quelles diff\u00e9rences avec un centre p\u00e9nitentiaire \u00ab classique \u00bb ? Timoth\u00e9e Boutry et Jean-Michel D\u00e9cugis, journalistes au service police-justice, ont r\u00e9pondu \u00e0 vos questions ce mercredi 23 juillet.<\/p>\n<p>Par <a href=\"https:\/\/www.leparisien.fr\/auteur\/timothee-boutry\/\" class=\"author_link\" target=\"_blank\" rel=\"noopener\">Timoth\u00e9e Boutry<\/a> et\u00a0<a href=\"https:\/\/www.leparisien.fr\/auteur\/jean-michel-decugis\/\" class=\"author_link\" target=\"_blank\" rel=\"noopener\">Jean-Michel D\u00e9cugis<\/a>\u00a0<\/p>\n<p>Le 23 juillet 2025 \u00e0 10h03, modifi\u00e9 le 23 juillet 2025 \u00e0 15h39<\/p>\n","protected":false},"excerpt":{"rendered":"17 d\u00e9tenus ont \u00e9t\u00e9 transf\u00e9r\u00e9s hier \u00e0 la prison de haute s\u00e9curit\u00e9 de Vendin-le-Vieil (Pas-de-Calais). Ils sont les&hellip;\n","protected":false},"author":2,"featured_media":268144,"comment_status":"","ping_status":"","sticky":false,"template":"","format":"standard","meta":{"footnotes":""},"categories":[4],"tags":[11,1011,27,820,12,806,25],"class_list":{"0":"post-268143","1":"post","2":"type-post","3":"status-publish","4":"format-standard","5":"has-post-thumbnail","7":"category-france","8":"tag-actualites","9":"tag-fr","10":"tag-france","11":"tag-live","12":"tag-news","13":"tag-prison","14":"tag-republique-francaise"},"share_on_mastodon":{"url":"https:\/\/pubeurope.com\/@fr\/114902890185931839","error":""},"_links":{"self":[{"href":"https:\/\/www.europesays.com\/fr\/wp-json\/wp\/v2\/posts\/268143","targetHints":{"allow":["GET"]}}],"collection":[{"href":"https:\/\/www.europesays.com\/fr\/wp-json\/wp\/v2\/posts"}],"about":[{"href":"https:\/\/www.europesays.com\/fr\/wp-json\/wp\/v2\/types\/post"}],"author":[{"embeddable":true,"href":"https:\/\/www.europesays.com\/fr\/wp-json\/wp\/v2\/users\/2"}],"replies":[{"embeddable":true,"href":"https:\/\/www.europesays.com\/fr\/wp-json\/wp\/v2\/comments?post=268143"}],"version-history":[{"count":0,"href":"https:\/\/www.europesays.com\/fr\/wp-json\/wp\/v2\/posts\/268143\/revisions"}],"wp:featuredmedia":[{"embeddable":true,"href":"https:\/\/www.europesays.com\/fr\/wp-json\/wp\/v2\/media\/268144"}],"wp:attachment":[{"href":"https:\/\/www.europesays.com\/fr\/wp-json\/wp\/v2\/media?parent=268143"}],"wp:term":[{"taxonomy":"category","embeddable":true,"href":"https:\/\/www.europesays.com\/fr\/wp-json\/wp\/v2\/categories?post=268143"},{"taxonomy":"post_tag","embeddable":true,"href":"https:\/\/www.europesays.com\/fr\/wp-json\/wp\/v2\/tags?post=268143"}],"curies":[{"name":"wp","href":"https:\/\/api.w.org\/{rel}","templated":true}]}}