{"id":268145,"date":"2025-07-23T13:55:12","date_gmt":"2025-07-23T13:55:12","guid":{"rendered":"https:\/\/www.europesays.com\/fr\/268145\/"},"modified":"2025-07-23T13:55:12","modified_gmt":"2025-07-23T13:55:12","slug":"aux-sables-dolonne-la-mairie-prone-lelegance-sablaise-contre-les-vacanciers-en-slip","status":"publish","type":"post","link":"https:\/\/www.europesays.com\/fr\/268145\/","title":{"rendered":"aux Sables d\u2019Olonne, la mairie pr\u00f4ne \u00abl\u2019\u00e9l\u00e9gance sablaise\u00bb contre les vacanciers \u00aben slip\u00bb"},"content":{"rendered":"<p>Le maire de la commune baln\u00e9aire vend\u00e9enne Yannick Moreau demande aux visiteurs de respecter les habitants en ne se baladant pas en ville comme \u00e0 la plage. Sous peine d\u2019amende.<\/p>\n<p class=\"fig-paragraph\">Poser quelques limites\u00a0<a href=\"http:\/\/www.lefigaro.fr\/actualite-france\/entre-summer-body-et-body-positive-les-francais-face-aux-injonctions-contradictoires-de-l-ete-20230621\" target=\"_blank\" data-fig-type=\"Article\" rel=\"noopener\" data-gtm-custom-categorie=\"navigation\" data-gtm-custom-action=\"crossclick\" data-gtm-custom-label=\"Contextuel\" data-gtm-event=\"customEventSPE\" data-fig-domain=\"LEFIGARO\">\u00e0 la d\u00e9contraction estivale<\/a>. Comme chaque ann\u00e9e, une vague de vacanciers a d\u00e9ferl\u00e9 sur la cit\u00e9 baln\u00e9aire\u00a0<a href=\"https:\/\/www.lefigaro.fr\/voyages\/guides\/week-end-aux-sables-d-olonne-ou-la-mer-prend-l-homme-20241024\" target=\"_blank\" data-fig-type=\"Article\" rel=\"noopener\" data-gtm-custom-categorie=\"navigation\" data-gtm-custom-action=\"crossclick\" data-gtm-custom-label=\"Contextuel\" data-gtm-event=\"customEventSPE\" data-fig-domain=\"LEFIGARO\">des Sables d\u2019Olonne<\/a>\u00a0(Vend\u00e9e) et sa plage. Si cette haute fr\u00e9quentation ravit les commerces et les h\u00f4teliers, elle indispose en revanche les habitants de la commune, lass\u00e9s des incivilit\u00e9s de la masse touristique. Parmi elles, les balades en ville en tenue de plage &#8211; tongs ensabl\u00e9es, maillots luisants et poitrine d\u00e9nud\u00e9e &#8211; ne passent plus. Consciente du probl\u00e8me, la collectivit\u00e9 a ainsi d\u00e9gain\u00e9 une campagne pour rappeler la courtoisie \u00e9l\u00e9mentaire \u00e0 ses visiteurs de l\u2019\u00e9t\u00e9\u00a0: la panoplie des plages doit rester confin\u00e9e au littoral.<\/p>\n<p class=\"fig-paragraph\">\u00abIl est temps de le rappeler clairement\u00a0: il est interdit de se promener torse nu ou en maillot de bain aux Sables d\u2019Olonne. Un peu de tenue s\u2019il vous pla\u00eet\u00a0!\u00a0\u00bb, a averti sur ses r\u00e9seaux sociaux\u00a0<a href=\"http:\/\/www.lefigaro.fr\/nantes\/j-aspire-a-une-autre-vie-demission-surprise-du-maire-des-sables-d-olonne-a-un-peu-plus-d-un-an-des-municipales-20250107\" target=\"_blank\" data-fig-type=\"NewsFlash\" rel=\"noopener\" data-gtm-custom-categorie=\"navigation\" data-gtm-custom-action=\"crossclick\" data-gtm-custom-label=\"Contextuel\" data-gtm-event=\"customEventSPE\" data-fig-domain=\"LEFIGARO\">le maire Yannick Moreau<\/a>\u00a0(ex. LR), en pr\u00e9sentant l\u2019affiche de la nouvelle campagne de pr\u00e9vention intitul\u00e9e \u00ab200 ans d\u2019\u00e9l\u00e9gance sablaise, ce n\u2019est pas pour finir en slip dans nos ruelles\u00bb. Le rappel \u00e0 l\u2019ordre indique \u00e9galement aux vacanciers que se pr\u00e9senter torse nu en ville est passible d\u2019une amende. Celle-ci peut monter jusqu\u2019\u00e0 150 euros.<\/p>\n<p>                                    <a class=\"fig-a11y-skip a11y-hidden\" href=\"#fig-a11y-skip-main-inarticle\"><br \/>\n        Passer la publicit\u00e9<br \/>\n    <\/a><\/p>\n<p>Cultiver un \u00abcadre de vie \u00e9l\u00e9gant\u00bb<\/p>\n<p class=\"fig-paragraph\">\u00abNous tenons \u00e0 notre cadre de vie et j\u2019ai demand\u00e9 \u00e0 nos policiers municipaux de faire respecter cette r\u00e8gle. Pour arborer vos pectoraux et votre plus beau maillot aux Sables d\u2019Olonne\u00a0: 11 km de plages sont \u00e0 votre disposition\u00bb, poursuit Yannick Moreau, qui devrait quitter la mairie \u00e0 la fin de l\u2019\u00e9t\u00e9, pour prendre la t\u00eate de l\u2019agence d\u2019attractivit\u00e9 du Finist\u00e8re. \u00abC\u2019est une question de respect pour les Sablais qui n\u2019ont pas envie qu\u2019on se balade chez-eux \u00e0 moiti\u00e9 nu. C\u2019est aussi une r\u00e8gle \u00e9l\u00e9mentaire d\u2019hygi\u00e8ne publique dans nos march\u00e9s, nos commerces, nos ruelles\u00bb, a-t-il encore ajout\u00e9.<\/p>\n<p class=\"fig-paragraph\">Peupl\u00e9e d\u2019un peu plus de 53.000 habitants \u00e0 l\u2019ann\u00e9e, l\u2019agglom\u00e9ration des Sables d\u2019Olonne est largement prise d\u2019assaut \u00e0 la p\u00e9riode des grandes vacances, pour atteindre une population estivale d\u2019environ 280.000 personnes, au niveau de la collectivit\u00e9. Prenant acte des cons\u00e9quences du ph\u00e9nom\u00e8ne sur le foncier et la qualit\u00e9 de vie, la mairie a op\u00e9r\u00e9 en 2023 un virage pour travailler,\u00a0<a href=\"https:\/\/www.calameo.com\/read\/000807524653cf4b7a4f1\" target=\"_blank\" rel=\"sponsored noopener\" data-gtm-custom-categorie=\"navigation\" data-gtm-custom-action=\"crossclick\" data-gtm-custom-label=\"Contextuel\" data-gtm-event=\"customEventSPE\">dans son plan strat\u00e9gique 2024-2026<\/a>, \u00e0 un tourisme \u00abplus \u00e9quilibr\u00e9\u00bb. Celui-ci mise notamment sur la captation accrue de vacanciers \u00e0 fort pouvoir d\u2019achat, notamment des \u00e9trangers, et sur l\u2019entretien d\u2019un \u00abcadre de vie \u00e9l\u00e9gant\u00bb pour cultiver l\u2019image de la marque touristique des Sables d\u2019Olonne. Un effort qui passe aussi, manifestement, par le savoir-\u00eatre vestimentaire des vacanciers.<\/p>\n","protected":false},"excerpt":{"rendered":"Le maire de la commune baln\u00e9aire vend\u00e9enne Yannick Moreau demande aux visiteurs de respecter les habitants en ne&hellip;\n","protected":false},"author":2,"featured_media":268146,"comment_status":"","ping_status":"","sticky":false,"template":"","format":"standard","meta":{"footnotes":""},"categories":[2],"tags":[11,1011,27,12,15656,2528],"class_list":{"0":"post-268145","1":"post","2":"type-post","3":"status-publish","4":"format-standard","5":"has-post-thumbnail","7":"category-actualites","8":"tag-actualites","9":"tag-fr","10":"tag-france","11":"tag-news","12":"tag-plage","13":"tag-vacances"},"share_on_mastodon":{"url":"https:\/\/pubeurope.com\/@fr\/114902894109028238","error":""},"_links":{"self":[{"href":"https:\/\/www.europesays.com\/fr\/wp-json\/wp\/v2\/posts\/268145","targetHints":{"allow":["GET"]}}],"collection":[{"href":"https:\/\/www.europesays.com\/fr\/wp-json\/wp\/v2\/posts"}],"about":[{"href":"https:\/\/www.europesays.com\/fr\/wp-json\/wp\/v2\/types\/post"}],"author":[{"embeddable":true,"href":"https:\/\/www.europesays.com\/fr\/wp-json\/wp\/v2\/users\/2"}],"replies":[{"embeddable":true,"href":"https:\/\/www.europesays.com\/fr\/wp-json\/wp\/v2\/comments?post=268145"}],"version-history":[{"count":0,"href":"https:\/\/www.europesays.com\/fr\/wp-json\/wp\/v2\/posts\/268145\/revisions"}],"wp:featuredmedia":[{"embeddable":true,"href":"https:\/\/www.europesays.com\/fr\/wp-json\/wp\/v2\/media\/268146"}],"wp:attachment":[{"href":"https:\/\/www.europesays.com\/fr\/wp-json\/wp\/v2\/media?parent=268145"}],"wp:term":[{"taxonomy":"category","embeddable":true,"href":"https:\/\/www.europesays.com\/fr\/wp-json\/wp\/v2\/categories?post=268145"},{"taxonomy":"post_tag","embeddable":true,"href":"https:\/\/www.europesays.com\/fr\/wp-json\/wp\/v2\/tags?post=268145"}],"curies":[{"name":"wp","href":"https:\/\/api.w.org\/{rel}","templated":true}]}}