{"id":268153,"date":"2025-07-23T14:00:24","date_gmt":"2025-07-23T14:00:24","guid":{"rendered":"https:\/\/www.europesays.com\/fr\/268153\/"},"modified":"2025-07-23T14:00:24","modified_gmt":"2025-07-23T14:00:24","slug":"un-homme-de-21-ans-agresse-sexuellement-plusieurs-femmes-avant-detre-interpelle-par-la-police","status":"publish","type":"post","link":"https:\/\/www.europesays.com\/fr\/268153\/","title":{"rendered":"un homme de 21 ans agresse sexuellement plusieurs femmes avant d&rsquo;\u00eatre interpell\u00e9 par la police"},"content":{"rendered":"<p>            Par<br \/>\n        <strong><br \/>\n            <a href=\"https:\/\/actu.fr\/auteur\/pierre-emile-bouchy-actu-fr\" title=\"Consulter tous les articles de Paul-Emile Bouchy\" target=\"_blank\" rel=\"noopener\">Paul-Emile Bouchy<\/a><br \/>\n        <\/strong><\/p>\n<p>        Publi\u00e9 le<\/p>\n<p>            23 juil. 2025 \u00e0 10h16        <\/p>\n<p>Dimanche 20\u00a0juillet, \u00e0 19h40, <strong>un homme \u00e2g\u00e9 de 21\u00a0ans a \u00e9t\u00e9 arr\u00eat\u00e9<\/strong> par la <a href=\"https:\/\/actu.fr\/tag\/police\" target=\"_blank\" rel=\"noopener\">police<\/a> \u00e0 la sortie d\u2019un train \u00e0 la <a href=\"https:\/\/actu.fr\/tag\/gare-de-nancy\" target=\"_blank\" rel=\"noopener\">gare de Nancy<\/a> (Meurthe-et-Moselle).<\/p>\n<p class=\" wall-content\">Durant le trajet du TER entre Metz et Nancy, l\u2019homme a <strong>agress\u00e9 sexuellement plusieurs passag\u00e8res<\/strong>.<\/p>\n<p>Ivre, l\u2019homme tente d\u2019embrasser plusieurs femmes dans le train<\/p>\n<p class=\" wall-content\">D\u2019apr\u00e8s la police, l\u2019homme \u00e9tait <strong>ivre lors de son interpellation<\/strong>. \u00c0 bord du train, il a abord\u00e9 \u00ab\u2009avec insistance plusieurs femmes \u00e2g\u00e9es entre 18 et 24\u00a0ans\u2009\u00bb. Il a \u00e9galement \u00ab<strong>\u2009tent\u00e9 de les embrasser<\/strong> et pris leurs mains pour les mettre sur ses hanches\u2009\u00bb.<\/p>\n<p class=\" wall-content\">Les forces de l\u2019ordre ont \u00e9t\u00e9 <strong>alert\u00e9es par une proche d\u2019une des victimes<\/strong> et par une jeune femme \u00e0 l\u2019ext\u00e9rieur du train qui a compos\u00e9 le 3117, le num\u00e9ro d\u2019alerte de la <a href=\"https:\/\/actu.fr\/tag\/sncf\" target=\"_blank\" rel=\"noopener\">SNCF<\/a>.<\/p>\n<p>L\u2019homme d\u00e9j\u00e0 arr\u00eat\u00e9 pour des faits similaires<\/p>\n<p class=\" wall-content\">L\u2019homme interpell\u00e9 est une personne \u00e9trang\u00e8re en situation irr\u00e9guli\u00e8re. Il avait \u00e9t\u00e9 arr\u00eat\u00e9 en 2023 pour des faits similaires.<\/p>\n<p class=\" wall-content\">Lors de son trajet vers l\u2019h\u00f4tel de police, il a insult\u00e9 et menac\u00e9 le policier qui le conduisait. <strong>Plac\u00e9 en garde \u00e0 vue<\/strong>, il se cache derri\u00e8re sa consommation d\u2019alcool pour expliquer son comportement.<\/p>\n<p class=\" wall-content\"><strong>Deux plaintes ont \u00e9t\u00e9 d\u00e9pos\u00e9es et trois victimes ont \u00e9t\u00e9 entendues<\/strong> par la police. L\u2019homme devrait \u00eatre pr\u00e9sent\u00e9 prochainement en comparution imm\u00e9diate.<\/p>\n<p class=\" wall-content\">Suivez toute l\u2019actualit\u00e9 de vos villes et m\u00e9dias favoris en vous inscrivant \u00e0 <a href=\"https:\/\/moncompte.actu.fr\" title=\"D\u00e9couvez Mon Actu\" rel=\"nofollow noopener\" data-trk=\"{&quot;cta&quot;:{&quot;action&quot;:&quot;https:\\\/\\\/moncompte.actu.fr&quot;,&quot;category&quot;:&quot;mon compte&quot;,&quot;from&quot;:&quot;article footer&quot;,&quot;name&quot;:&quot;Mon actu&quot;,&quot;type&quot;:&quot;cta&quot;}}\" target=\"_blank\">Mon Actu<\/a>.<\/p>\n","protected":false},"excerpt":{"rendered":"Par Paul-Emile Bouchy Publi\u00e9 le 23 juil. 2025 \u00e0 10h16 Dimanche 20\u00a0juillet, \u00e0 19h40, un homme \u00e2g\u00e9 de&hellip;\n","protected":false},"author":2,"featured_media":268154,"comment_status":"","ping_status":"","sticky":false,"template":"","format":"standard","meta":{"footnotes":""},"categories":[9635],"tags":[1111,11,1777,674,118,1011,27,13621,775,1702,12,1072,25,2215],"class_list":{"0":"post-268153","1":"post","2":"type-post","3":"status-publish","4":"format-standard","5":"has-post-thumbnail","7":"category-nancy","8":"tag-actu","9":"tag-actualites","10":"tag-eu","11":"tag-europe","12":"tag-faits-divers","13":"tag-fr","14":"tag-france","15":"tag-gare-de-nancy","16":"tag-grand-est","17":"tag-nancy","18":"tag-news","19":"tag-police","20":"tag-republique-francaise","21":"tag-sncf"},"share_on_mastodon":{"url":"https:\/\/pubeurope.com\/@fr\/114902913735933677","error":""},"_links":{"self":[{"href":"https:\/\/www.europesays.com\/fr\/wp-json\/wp\/v2\/posts\/268153","targetHints":{"allow":["GET"]}}],"collection":[{"href":"https:\/\/www.europesays.com\/fr\/wp-json\/wp\/v2\/posts"}],"about":[{"href":"https:\/\/www.europesays.com\/fr\/wp-json\/wp\/v2\/types\/post"}],"author":[{"embeddable":true,"href":"https:\/\/www.europesays.com\/fr\/wp-json\/wp\/v2\/users\/2"}],"replies":[{"embeddable":true,"href":"https:\/\/www.europesays.com\/fr\/wp-json\/wp\/v2\/comments?post=268153"}],"version-history":[{"count":0,"href":"https:\/\/www.europesays.com\/fr\/wp-json\/wp\/v2\/posts\/268153\/revisions"}],"wp:featuredmedia":[{"embeddable":true,"href":"https:\/\/www.europesays.com\/fr\/wp-json\/wp\/v2\/media\/268154"}],"wp:attachment":[{"href":"https:\/\/www.europesays.com\/fr\/wp-json\/wp\/v2\/media?parent=268153"}],"wp:term":[{"taxonomy":"category","embeddable":true,"href":"https:\/\/www.europesays.com\/fr\/wp-json\/wp\/v2\/categories?post=268153"},{"taxonomy":"post_tag","embeddable":true,"href":"https:\/\/www.europesays.com\/fr\/wp-json\/wp\/v2\/tags?post=268153"}],"curies":[{"name":"wp","href":"https:\/\/api.w.org\/{rel}","templated":true}]}}