{"id":268155,"date":"2025-07-23T14:01:11","date_gmt":"2025-07-23T14:01:11","guid":{"rendered":"https:\/\/www.europesays.com\/fr\/268155\/"},"modified":"2025-07-23T14:01:11","modified_gmt":"2025-07-23T14:01:11","slug":"installee-depuis-25-ans-a-la-valette-angelique-menegozzy-a-repris-les-renes-de-lassociation-des-commercants","status":"publish","type":"post","link":"https:\/\/www.europesays.com\/fr\/268155\/","title":{"rendered":"Install\u00e9e depuis 25 ans \u00e0 La Valette, Ang\u00e9lique Menegozzy a repris les r\u00eanes de l\u2019association des commer\u00e7ants"},"content":{"rendered":"<p>Depuis vingt-cinq ans, <strong>Ang\u00e9lique Menegozzy<\/strong> <strong>tient son commerce alimentaire \u00e0 La Valette-du-Var<\/strong>, d\u2019abord une petite sup\u00e9rette de quartier, aujourd\u2019hui un Super U de proximit\u00e9 bien connu des habitants. \u00ab\u00a0On essaie de tout avoir pour \u00e9viter aux gens de devoir sortir de la ville\u00a0\u00bb, r\u00e9sume-t-elle, souriante mais directe. Derri\u00e8re cette pr\u00e9sence constante au comptoir, une \u00e9nergie d\u00e9bordante. Et d\u00e9sormais, une nouvelle casquette\u202f: celle de pr\u00e9sidente de l\u2019association des commer\u00e7ants.<\/p>\n<p>\u00ab\u00a0C\u2019\u00e9tait vraiment rustique. Mais j\u2019y suis rest\u00e9e\u00a0\u00bb<\/p>\n<p>Son parcours a commenc\u00e9 \u00e0 Montpellier, o\u00f9 elle \u00e9tudiait tout en travaillant comme caissi\u00e8re \u00e0 l\u2019Intermarch\u00e9. Puis, avec son ex-mari, elle arrive dans le Var et reprend une petite \u00e9picerie \u00ab\u00a0\u00e0 l\u2019ancienne\u00a0\u00bb, au mobilier dat\u00e9 et aux frigos en bois. \u00ab\u00a0C\u2019\u00e9tait vraiment rustique. Mais j\u2019y suis rest\u00e9e, et j\u2019ai fait grandir l\u2019affaire.\u00a0\u00bb<\/p>\n<p>Aujourd\u2019hui, elle dirige l\u2019Association des commer\u00e7ants avec une approche tr\u00e8s orient\u00e9e service et proximit\u00e9. Une implication qui l\u2019a naturellement conduite \u00e0 s\u2019engager pour redonner un souffle aux commer\u00e7ants Valettois.<\/p>\n<p>Relancer l\u2019association en partant presque de z\u00e9ro <\/p>\n<p>\u00ab\u00a0L\u2019ancien bureau a d\u00e9missionn\u00e9 d\u2019un coup, plus rien ne se passait. C\u2019\u00e9tait trop triste pour une ville comme la n\u00f4tre\u00a0\u00bb, raconte-t-elle. Avec une poign\u00e9e de volontaires, elle relance l\u2019association presque de z\u00e9ro. Les id\u00e9es affluent, les \u00e9v\u00e9nements aussi. March\u00e9 de cr\u00e9ateurs, brocante, vide-greniers, mini-kermesse pour les enfants, et m\u00eame une journ\u00e9e sant\u00e9 avec randonn\u00e9e au Coudon. Le 7 septembre, l\u2019\u00e9v\u00e9nement \u00ab\u00a0R\u00e9tro Vintage\u00a0\u00bb prendra ses quartiers sur les deux places centrales et l\u2019avenue de Verdun, avec, si tout se goupille, un taureau m\u00e9canique en attraction. \u00ab\u00a0On fait tout en parall\u00e8le de nos commerces. Ce n\u2019est pas \u00e9vident, mais si on ne bouge pas, il ne se passe rien. \u00bb Et No\u00ebl approche d\u00e9j\u00e0\u202f : \u00ab On veut faire vivre le centre, cr\u00e9er des moments, pour les familles comme pour les commer\u00e7ants.\u00a0\u00bb<\/p>\n<p>Pas de grands discours, juste une volont\u00e9 farouche de faire bouger les lignes, avec peu de moyens, mais beaucoup d\u2019envie. Une commer\u00e7ante de terrain, pour une ville qu\u2019elle conna\u00eet par c\u0153ur. Et qu\u2019elle n\u2019a pas fini d\u2019animer.<\/p>\n","protected":false},"excerpt":{"rendered":"Depuis vingt-cinq ans, Ang\u00e9lique Menegozzy tient son commerce alimentaire \u00e0 La Valette-du-Var, d\u2019abord une petite sup\u00e9rette de quartier,&hellip;\n","protected":false},"author":2,"featured_media":268156,"comment_status":"","ping_status":"","sticky":false,"template":"","format":"standard","meta":{"footnotes":""},"categories":[9619],"tags":[1111,11,1777,674,1011,27,12,882,25,2310,3366],"class_list":{"0":"post-268155","1":"post","2":"type-post","3":"status-publish","4":"format-standard","5":"has-post-thumbnail","7":"category-toulon","8":"tag-actu","9":"tag-actualites","10":"tag-eu","11":"tag-europe","12":"tag-fr","13":"tag-france","14":"tag-news","15":"tag-provence-alpes-cote-dazur","16":"tag-republique-francaise","17":"tag-toulon","18":"tag-vie-locale"},"share_on_mastodon":{"url":"https:\/\/pubeurope.com\/@fr\/114902917706557704","error":""},"_links":{"self":[{"href":"https:\/\/www.europesays.com\/fr\/wp-json\/wp\/v2\/posts\/268155","targetHints":{"allow":["GET"]}}],"collection":[{"href":"https:\/\/www.europesays.com\/fr\/wp-json\/wp\/v2\/posts"}],"about":[{"href":"https:\/\/www.europesays.com\/fr\/wp-json\/wp\/v2\/types\/post"}],"author":[{"embeddable":true,"href":"https:\/\/www.europesays.com\/fr\/wp-json\/wp\/v2\/users\/2"}],"replies":[{"embeddable":true,"href":"https:\/\/www.europesays.com\/fr\/wp-json\/wp\/v2\/comments?post=268155"}],"version-history":[{"count":0,"href":"https:\/\/www.europesays.com\/fr\/wp-json\/wp\/v2\/posts\/268155\/revisions"}],"wp:featuredmedia":[{"embeddable":true,"href":"https:\/\/www.europesays.com\/fr\/wp-json\/wp\/v2\/media\/268156"}],"wp:attachment":[{"href":"https:\/\/www.europesays.com\/fr\/wp-json\/wp\/v2\/media?parent=268155"}],"wp:term":[{"taxonomy":"category","embeddable":true,"href":"https:\/\/www.europesays.com\/fr\/wp-json\/wp\/v2\/categories?post=268155"},{"taxonomy":"post_tag","embeddable":true,"href":"https:\/\/www.europesays.com\/fr\/wp-json\/wp\/v2\/tags?post=268155"}],"curies":[{"name":"wp","href":"https:\/\/api.w.org\/{rel}","templated":true}]}}