{"id":268157,"date":"2025-07-23T14:02:09","date_gmt":"2025-07-23T14:02:09","guid":{"rendered":"https:\/\/www.europesays.com\/fr\/268157\/"},"modified":"2025-07-23T14:02:09","modified_gmt":"2025-07-23T14:02:09","slug":"au-son-by-toulon-m-et-lamomali-jusquau-bout-de-la-nuit","status":"publish","type":"post","link":"https:\/\/www.europesays.com\/fr\/268157\/","title":{"rendered":"Au Son By Toulon, M et Lamomali jusqu&rsquo;au bout de la nuit"},"content":{"rendered":"<p>Le grand Totem jaune \u00e9rig\u00e9 dans l\u2019obscurit\u00e9 de la sc\u00e8ne s\u2019anime tout \u00e0 coup, comme parcouru d\u2019une grande d\u00e9charge \u00e9lectrique. Les artistes entrent en sc\u00e8ne sous les cris de la foule et tout de suite, le contact se noue entre M et ses fans. Il arrive au c\u00f4t\u00e9 de la lumineuse chanteuse Fatoumata Diawara, de laquelle \u00e9mane une \u00e9nergie communicative d\u00e8s les premiers instants de son chant.\u00a0\u00a0<\/p>\n<p>Oxmo Puccino en invit\u00e9<\/p>\n<p>Embl\u00e8me du deuxi\u00e8me album du collectif Lamomali, sorti en avril 2025, le totem mat\u00e9rialise un espace rassembleur o\u00f9 le Mali est \u00e0 l\u2019honneur. Ce collectif de musiciens, port\u00e9 par Matthieu Chedid, Fatoumata Diawara et le griot Balla Diabat\u00e9 croise de nombreuses influences. C\u2019est une histoire de rencontres entre l\u2019univers de M et de celui de la chanteuse de folk wassoulou et actrice Fatoumata Diawara, qui a notamment pr\u00eat\u00e9 sa voix aux Les Contes de la nuit (2011) de Michel Ocelot, r\u00e9alis\u00e9 dans la lign\u00e9e esth\u00e9tique du c\u00e9l\u00e8bre film d\u2019animation Princes et Princesses (2000). Le trompettiste Ibrahim Maalouf, qui a ouvert les festivit\u00e9s en premi\u00e8re partie du concert, et le rappeur Oxmo Puccino, ont aussi rejoint la bande de Lamomali sur sc\u00e8ne, pour quelques morceaux.\u00a0<\/p>\n<p>M au milieu de la foule<\/p>\n<p>Ce joyeux brassage est aussi une histoire de recherche musicale : les guitares \u00e9lectriques, le clavier et la batterie s\u2019unissent \u00e0 la kora, un instrument traditionnel de la musique mandingue d\u2019Afrique de l\u2019ouest, aux tambours et m\u00eame au keytar, un synth\u00e9tiseur port\u00e9 comme une guitare. De nouveaux titres de Lamomali, \u201cJe suis Mali\u201d,\u00a0 \u201cJe t\u2019aime\u201d, ou \u201cAma Kora\u201d ont entra\u00een\u00e9 la foule, qui \u00e9tait aussi heureuse de retrouver des titres iconiques de M, comme Matchistador. Proche de son public, Mathieu Chedid a jou\u00e9 un long moment au milieu de la foule, allant m\u00eame jusqu&rsquo;\u00e0 utiliser la rambarde des gradins pour faire sonner sa guitare. La sc\u00e8ne la plus marquante restera peut-\u00eatre cet \u00e9nergique duo de guitare \u00e9lectrique et de kora, que le guitariste et son comparse griot ont jou\u00e9 dos \u00e0 dos, accompagn\u00e9s des salves d\u2019applaudissements et des cris enthousiastes d\u2019un public conquis.<\/p>\n<p>              <img ci-src=\"https:\/\/www.varmatin.com\/concerts\/VARXXQ2985_VLP_LAMOMALI+%2839552350%29-WOFAYQy7.jpg?vh=21418a&amp;ci_seal=38e02207be\" alt=\"\"\/><br \/>\n        Lamomali a jou\u00e9 jusqu&rsquo;au bout de la nuit <strong>Val\u00e9rie Le Parc.<\/strong> <\/p>\n","protected":false},"excerpt":{"rendered":"Le grand Totem jaune \u00e9rig\u00e9 dans l\u2019obscurit\u00e9 de la sc\u00e8ne s\u2019anime tout \u00e0 coup, comme parcouru d\u2019une grande&hellip;\n","protected":false},"author":2,"featured_media":268158,"comment_status":"","ping_status":"","sticky":false,"template":"","format":"standard","meta":{"footnotes":""},"categories":[9619],"tags":[1111,11,4156,251,1777,674,1011,27,12,882,25,2310],"class_list":{"0":"post-268157","1":"post","2":"type-post","3":"status-publish","4":"format-standard","5":"has-post-thumbnail","7":"category-toulon","8":"tag-actu","9":"tag-actualites","10":"tag-concerts","11":"tag-culture","12":"tag-eu","13":"tag-europe","14":"tag-fr","15":"tag-france","16":"tag-news","17":"tag-provence-alpes-cote-dazur","18":"tag-republique-francaise","19":"tag-toulon"},"share_on_mastodon":{"url":"https:\/\/pubeurope.com\/@fr\/114902921611296876","error":""},"_links":{"self":[{"href":"https:\/\/www.europesays.com\/fr\/wp-json\/wp\/v2\/posts\/268157","targetHints":{"allow":["GET"]}}],"collection":[{"href":"https:\/\/www.europesays.com\/fr\/wp-json\/wp\/v2\/posts"}],"about":[{"href":"https:\/\/www.europesays.com\/fr\/wp-json\/wp\/v2\/types\/post"}],"author":[{"embeddable":true,"href":"https:\/\/www.europesays.com\/fr\/wp-json\/wp\/v2\/users\/2"}],"replies":[{"embeddable":true,"href":"https:\/\/www.europesays.com\/fr\/wp-json\/wp\/v2\/comments?post=268157"}],"version-history":[{"count":0,"href":"https:\/\/www.europesays.com\/fr\/wp-json\/wp\/v2\/posts\/268157\/revisions"}],"wp:featuredmedia":[{"embeddable":true,"href":"https:\/\/www.europesays.com\/fr\/wp-json\/wp\/v2\/media\/268158"}],"wp:attachment":[{"href":"https:\/\/www.europesays.com\/fr\/wp-json\/wp\/v2\/media?parent=268157"}],"wp:term":[{"taxonomy":"category","embeddable":true,"href":"https:\/\/www.europesays.com\/fr\/wp-json\/wp\/v2\/categories?post=268157"},{"taxonomy":"post_tag","embeddable":true,"href":"https:\/\/www.europesays.com\/fr\/wp-json\/wp\/v2\/tags?post=268157"}],"curies":[{"name":"wp","href":"https:\/\/api.w.org\/{rel}","templated":true}]}}