{"id":268163,"date":"2025-07-23T14:05:29","date_gmt":"2025-07-23T14:05:29","guid":{"rendered":"https:\/\/www.europesays.com\/fr\/268163\/"},"modified":"2025-07-23T14:05:29","modified_gmt":"2025-07-23T14:05:29","slug":"louverture-fixee-au-4-aout","status":"publish","type":"post","link":"https:\/\/www.europesays.com\/fr\/268163\/","title":{"rendered":"l&rsquo;ouverture fix\u00e9e au 4 ao\u00fbt"},"content":{"rendered":"\n<p style=\"text-align: left;\" align=\"justify\"><a href=\"https:\/\/www.sweetfm.fr\/piscine-du-plateau-est-vers-une-ouverture-debut-aout\" rel=\"noopener\" target=\"_blank\">Comme r\u00e9v\u00e9l\u00e9 il y a quelques semaines sur notre antenne<\/a>, le feuilleton autour de l&rsquo;ouverture de la piscine du plateau est de Rouen s&rsquo;appr\u00eate \u00e0 prendre fin. Au terme de deux ann\u00e9es d&rsquo;obstacles administratifs et de revirements au sujet du mode de filtration des bassins, <strong>l&rsquo;\u00e9quipement <\/strong><strong>baptis\u00e9 \u00ab\u00a0O&rsquo;Cape\u00a0\u00bb<\/strong>\u00a0<strong>va enfin ouvrir ses portes le lundi 4 ao\u00fbt \u00e0 14h<\/strong>. Les habitants des dix communes membres du Sicaper b\u00e9n\u00e9ficieront d&rsquo;un tarif r\u00e9duit pour y acc\u00e9der.<\/p>\n<p><strong>Un bassin de 25 m\u00e8tres dot\u00e9 de six couloirs<\/strong><\/p>\n<p style=\"text-align: left;\" align=\"justify\">Le \u00ab\u00a0Syndicat intercommunal du centre aquatique du plateau est de Rouen\u00a0\u00bb, \u00e0 l&rsquo;origine du projet, se f\u00e9licite d&rsquo;offrir \u00ab\u00a0un \u00e9quipement de loisirs complet et polyvalent\u00a0\u00bb. Les nageurs pourront dans un premier temps profiter <strong>du bassin sportif de 25 m\u00e8tres avec six couloirs, du bassin d\u2019apprentissage de 265 m\u00e8tres carr\u00e9s, d&rsquo;une pataugeoire et d&rsquo;un pentagliss<\/strong>. Un planning estival d&rsquo;activit\u00e9s permettra \u00e9galement d&rsquo;initier \u00e0 la pratique de la natation, au travers de stages.<\/p>\n<p><strong>Espaces bien-\u00eatre et forme d\u00e8s la rentr\u00e9e<\/strong><\/p>\n<p style=\"text-align: left;\" align=\"justify\">A l&rsquo;ext\u00e9rieur, 400 m\u00e8tres carr\u00e9s de plages min\u00e9rales et un vaste solarium v\u00e9g\u00e9talis\u00e9 de 1 400 m\u00e8tres carr\u00e9s seront \u00e9galement accessibles au public. <strong>Il faudra en revanche patienter jusqu&rsquo;au 13 septembre pour avoir acc\u00e8s aux espaces bien-\u00eatre et forme<\/strong>, dans lesquels se trouveront un hammam, un sauna, ou encore un plateau cardio-training de 88 m\u00e8tres carr\u00e9s.<\/p>\n","protected":false},"excerpt":{"rendered":"Comme r\u00e9v\u00e9l\u00e9 il y a quelques semaines sur notre antenne, le feuilleton autour de l&rsquo;ouverture de la piscine&hellip;\n","protected":false},"author":2,"featured_media":268164,"comment_status":"","ping_status":"","sticky":false,"template":"","format":"standard","meta":{"footnotes":""},"categories":[9587],"tags":[1111,11,30595,30598,40749,1777,674,1011,27,30596,12,5161,40747,30591,5922,30592,40748,30599,31081,25,9590,5163],"class_list":{"0":"post-268163","1":"post","2":"type-post","3":"status-publish","4":"format-standard","5":"has-post-thumbnail","7":"category-rouen","8":"tag-actu","9":"tag-actualites","10":"tag-belbeuf","11":"tag-centre-aquatique","12":"tag-cours-natation","13":"tag-eu","14":"tag-europe","15":"tag-fr","16":"tag-france","17":"tag-franqueville-saint-pierre","18":"tag-news","19":"tag-normandie","20":"tag-ouverture-piscine-belbeuf","21":"tag-ouverture-piscine-plateau-est","22":"tag-piscine","23":"tag-piscine-plateau-est","24":"tag-piscine-plateau-est-rouen","25":"tag-piscines-rouen","26":"tag-plateau-est-rouen","27":"tag-republique-francaise","28":"tag-rouen","29":"tag-seine-maritime"},"share_on_mastodon":{"url":"https:\/\/pubeurope.com\/@fr\/114902933391637363","error":""},"_links":{"self":[{"href":"https:\/\/www.europesays.com\/fr\/wp-json\/wp\/v2\/posts\/268163","targetHints":{"allow":["GET"]}}],"collection":[{"href":"https:\/\/www.europesays.com\/fr\/wp-json\/wp\/v2\/posts"}],"about":[{"href":"https:\/\/www.europesays.com\/fr\/wp-json\/wp\/v2\/types\/post"}],"author":[{"embeddable":true,"href":"https:\/\/www.europesays.com\/fr\/wp-json\/wp\/v2\/users\/2"}],"replies":[{"embeddable":true,"href":"https:\/\/www.europesays.com\/fr\/wp-json\/wp\/v2\/comments?post=268163"}],"version-history":[{"count":0,"href":"https:\/\/www.europesays.com\/fr\/wp-json\/wp\/v2\/posts\/268163\/revisions"}],"wp:featuredmedia":[{"embeddable":true,"href":"https:\/\/www.europesays.com\/fr\/wp-json\/wp\/v2\/media\/268164"}],"wp:attachment":[{"href":"https:\/\/www.europesays.com\/fr\/wp-json\/wp\/v2\/media?parent=268163"}],"wp:term":[{"taxonomy":"category","embeddable":true,"href":"https:\/\/www.europesays.com\/fr\/wp-json\/wp\/v2\/categories?post=268163"},{"taxonomy":"post_tag","embeddable":true,"href":"https:\/\/www.europesays.com\/fr\/wp-json\/wp\/v2\/tags?post=268163"}],"curies":[{"name":"wp","href":"https:\/\/api.w.org\/{rel}","templated":true}]}}