{"id":268165,"date":"2025-07-23T14:06:29","date_gmt":"2025-07-23T14:06:29","guid":{"rendered":"https:\/\/www.europesays.com\/fr\/268165\/"},"modified":"2025-07-23T14:06:29","modified_gmt":"2025-07-23T14:06:29","slug":"lautoroute-coupee-entre-rouen-et-abbeville-une-deviation-est-en-place","status":"publish","type":"post","link":"https:\/\/www.europesays.com\/fr\/268165\/","title":{"rendered":"l\u2019autoroute coup\u00e9e entre Rouen et Abbeville, une d\u00e9viation est en place"},"content":{"rendered":"<p>\t\t\t\t\t La Direction Interd\u00e9partementale des Routes Nord-Ouest (DIRNO) informe ce mercredi 23 juillet que la circulation est coup\u00e9e sur l\u2019A28, dans le sens Rouen vers Abbeville, \u00e0 la suite d\u2019un accident survenu dans la matin\u00e9e. <\/p>\n<p>Un poids-lourd de type camion benne a percut\u00e9 un v\u00e9hicule de balisage de la direction des routes alors vide tout occupant. La conductrice du poids-lourd a \u00e9t\u00e9 bless\u00e9e l\u00e9g\u00e8rement dans le choc, indiquent les sapeurs-pompiers. La victime a \u00e9t\u00e9 transport\u00e9e \u00e0 l&rsquo;h\u00f4pital.\n\t\t\t\t <\/p>\n","protected":false},"excerpt":{"rendered":"La Direction Interd\u00e9partementale des Routes Nord-Ouest (DIRNO) informe ce mercredi 23 juillet que la circulation est coup\u00e9e sur&hellip;\n","protected":false},"author":2,"featured_media":268166,"comment_status":"","ping_status":"","sticky":false,"template":"","format":"standard","meta":{"footnotes":""},"categories":[9587],"tags":[1111,11,1777,674,1011,27,1934,12,5161,25,9590,5163],"class_list":{"0":"post-268165","1":"post","2":"type-post","3":"status-publish","4":"format-standard","5":"has-post-thumbnail","7":"category-rouen","8":"tag-actu","9":"tag-actualites","10":"tag-eu","11":"tag-europe","12":"tag-fr","13":"tag-france","14":"tag-infos-locales","15":"tag-news","16":"tag-normandie","17":"tag-republique-francaise","18":"tag-rouen","19":"tag-seine-maritime"},"share_on_mastodon":{"url":"https:\/\/pubeurope.com\/@fr\/114902937437634643","error":""},"_links":{"self":[{"href":"https:\/\/www.europesays.com\/fr\/wp-json\/wp\/v2\/posts\/268165","targetHints":{"allow":["GET"]}}],"collection":[{"href":"https:\/\/www.europesays.com\/fr\/wp-json\/wp\/v2\/posts"}],"about":[{"href":"https:\/\/www.europesays.com\/fr\/wp-json\/wp\/v2\/types\/post"}],"author":[{"embeddable":true,"href":"https:\/\/www.europesays.com\/fr\/wp-json\/wp\/v2\/users\/2"}],"replies":[{"embeddable":true,"href":"https:\/\/www.europesays.com\/fr\/wp-json\/wp\/v2\/comments?post=268165"}],"version-history":[{"count":0,"href":"https:\/\/www.europesays.com\/fr\/wp-json\/wp\/v2\/posts\/268165\/revisions"}],"wp:featuredmedia":[{"embeddable":true,"href":"https:\/\/www.europesays.com\/fr\/wp-json\/wp\/v2\/media\/268166"}],"wp:attachment":[{"href":"https:\/\/www.europesays.com\/fr\/wp-json\/wp\/v2\/media?parent=268165"}],"wp:term":[{"taxonomy":"category","embeddable":true,"href":"https:\/\/www.europesays.com\/fr\/wp-json\/wp\/v2\/categories?post=268165"},{"taxonomy":"post_tag","embeddable":true,"href":"https:\/\/www.europesays.com\/fr\/wp-json\/wp\/v2\/tags?post=268165"}],"curies":[{"name":"wp","href":"https:\/\/api.w.org\/{rel}","templated":true}]}}