{"id":268167,"date":"2025-07-23T14:07:11","date_gmt":"2025-07-23T14:07:11","guid":{"rendered":"https:\/\/www.europesays.com\/fr\/268167\/"},"modified":"2025-07-23T14:07:11","modified_gmt":"2025-07-23T14:07:11","slug":"metropole-de-grenoble-une-cagnotte-pour-venir-en-aide-a-un-agent-municipal-qui-na-plus-de-logement","status":"publish","type":"post","link":"https:\/\/www.europesays.com\/fr\/268167\/","title":{"rendered":"M\u00e9tropole de Grenoble. Une cagnotte pour venir en aide \u00e0 un agent municipal qui n&rsquo;a plus de logement"},"content":{"rendered":"<p>Au cours du mois dernier, un agent des services techniques de la Ville de Fontaine a vu sa caravane d\u00e9truite \u00e0 la suite de la chute d\u2019un arbre. Pour ce coll\u00e8gue, issu de la communaut\u00e9 des gens du voyage, cette caravane \u00e9tait son logement familial qu\u2019il partageait avec ses enfants.<\/p>\n<p>Pour lui venir en aide, le secr\u00e9taire g\u00e9n\u00e9ral du syndicat Force ouvri\u00e8re des Territoriaux de Fontaine et le personnel ont d\u00e9cid\u00e9 d\u2019ouvrir <a href=\"https:\/\/www.leetchi.com\/fr\/c\/destruction-de-son-logement-1605014\" target=\"_blank\" rel=\"noopener\">une cagnotte sur Leetchi<\/a> \u00e0 laquelle chacun peut participer.<\/p>\n","protected":false},"excerpt":{"rendered":"Au cours du mois dernier, un agent des services techniques de la Ville de Fontaine a vu sa&hellip;\n","protected":false},"author":2,"featured_media":268168,"comment_status":"","ping_status":"","sticky":false,"template":"","format":"standard","meta":{"footnotes":""},"categories":[9566],"tags":[1111,11,2430,112,1777,674,9592,11680,1011,27,2731,108,12,25,104],"class_list":{"0":"post-268167","1":"post","2":"type-post","3":"status-publish","4":"format-standard","5":"has-post-thumbnail","7":"category-grenoble","8":"tag-actu","9":"tag-actualites","10":"tag-auvergne-rhone-alpes","11":"tag-edition-grenoble-agglomeration","12":"tag-eu","13":"tag-europe","14":"tag-fontaine","15":"tag-fontaine-bassin","16":"tag-fr","17":"tag-france","18":"tag-grenoble","19":"tag-isere","20":"tag-news","21":"tag-republique-francaise","22":"tag-societe"},"share_on_mastodon":{"url":"https:\/\/pubeurope.com\/@fr\/114902941301225806","error":""},"_links":{"self":[{"href":"https:\/\/www.europesays.com\/fr\/wp-json\/wp\/v2\/posts\/268167","targetHints":{"allow":["GET"]}}],"collection":[{"href":"https:\/\/www.europesays.com\/fr\/wp-json\/wp\/v2\/posts"}],"about":[{"href":"https:\/\/www.europesays.com\/fr\/wp-json\/wp\/v2\/types\/post"}],"author":[{"embeddable":true,"href":"https:\/\/www.europesays.com\/fr\/wp-json\/wp\/v2\/users\/2"}],"replies":[{"embeddable":true,"href":"https:\/\/www.europesays.com\/fr\/wp-json\/wp\/v2\/comments?post=268167"}],"version-history":[{"count":0,"href":"https:\/\/www.europesays.com\/fr\/wp-json\/wp\/v2\/posts\/268167\/revisions"}],"wp:featuredmedia":[{"embeddable":true,"href":"https:\/\/www.europesays.com\/fr\/wp-json\/wp\/v2\/media\/268168"}],"wp:attachment":[{"href":"https:\/\/www.europesays.com\/fr\/wp-json\/wp\/v2\/media?parent=268167"}],"wp:term":[{"taxonomy":"category","embeddable":true,"href":"https:\/\/www.europesays.com\/fr\/wp-json\/wp\/v2\/categories?post=268167"},{"taxonomy":"post_tag","embeddable":true,"href":"https:\/\/www.europesays.com\/fr\/wp-json\/wp\/v2\/tags?post=268167"}],"curies":[{"name":"wp","href":"https:\/\/api.w.org\/{rel}","templated":true}]}}