{"id":268169,"date":"2025-07-23T14:08:15","date_gmt":"2025-07-23T14:08:15","guid":{"rendered":"https:\/\/www.europesays.com\/fr\/268169\/"},"modified":"2025-07-23T14:08:15","modified_gmt":"2025-07-23T14:08:15","slug":"loqtf-prononcee-contre-linfluenceur-algerien-imad-tintin-annulee","status":"publish","type":"post","link":"https:\/\/www.europesays.com\/fr\/268169\/","title":{"rendered":"l\u2019OQTF prononc\u00e9e contre l\u2019influenceur alg\u00e9rien \u00abImad Tintin\u00bb annul\u00e9e"},"content":{"rendered":"<p>Interpell\u00e9 en janvier dernier, Imad Ould Brahim \u00e9tait sous le coup d\u2019une obligation de quitter le territoire fran\u00e7ais, que le tribunal administratif de Grenoble vient d\u2019annuler ce lundi 21 juillet.<\/p>\n<p class=\"fig-paragraph\">Le tribunal administratif de\u00a0<a href=\"https:\/\/www.lefigaro.fr\/tag\/grenoble\" target=\"_blank\" rel=\"sponsored noopener\" data-gtm-custom-categorie=\"navigation\" data-gtm-custom-action=\"crossclick\" data-gtm-custom-label=\"Contextuel\" data-gtm-event=\"customEventSPE\">Grenoble<\/a>\u00a0a annul\u00e9 lundi 21 juillet l\u2019obligation de quitter le territoire fran\u00e7ais (OQTF) qui avait \u00e9t\u00e9 d\u00e9livr\u00e9e le 5 janvier dernier \u00e0 Imad Ould Brahim, l\u2019influenceur alg\u00e9rien connu sous le nom d\u2019\u00abImad Tintin\u00bb. Ce dernier avait \u00e9t\u00e9 interpell\u00e9 le 3 janvier, et poursuivi pour \u00abprovocation directe \u00e0 un acte de terrorisme\u00bb apr\u00e8s des propos violents tenus sur son compte\u00a0<a href=\"https:\/\/www.lefigaro.fr\/tag\/tiktok\" target=\"_blank\" rel=\"sponsored noopener\" data-gtm-custom-categorie=\"navigation\" data-gtm-custom-action=\"crossclick\" data-gtm-custom-label=\"Contextuel\" data-gtm-event=\"customEventSPE\">TikTok<\/a>, qui avaient finalement \u00e9t\u00e9 requalifi\u00e9s en \u00abmenaces\u00bb par le tribunal judiciaire de Grenoble. En parall\u00e8le \u00e0 cette proc\u00e9dure judiciaire, une OQTF avait \u00e9t\u00e9 \u00e9mise par la pr\u00e9fecture de l\u2019<a href=\"https:\/\/www.lefigaro.fr\/tag\/isere\" target=\"_blank\" rel=\"sponsored noopener\" data-gtm-custom-categorie=\"navigation\" data-gtm-custom-action=\"crossclick\" data-gtm-custom-label=\"Contextuel\" data-gtm-event=\"customEventSPE\">Is\u00e8re<\/a>\u00a0\u00e0 l\u2019encontre de cet habitant d\u2019\u00c9chirolles, une commune voisine de Grenoble. Elle fait suite \u00e0 deux proc\u00e9dures similaires, intervenues en 2022 et 2023, qu\u2019Imad Ould Brahim n\u2019avait pas respect\u00e9.<\/p>\n<p class=\"fig-paragraph\">D\u00e9but juillet, lors d\u2019une audience devant le tribunal administratif de Grenoble, Me Alexandre Rouvier avait fait valoir le fait que l\u2019influenceur de 31 ans \u00e9tait d\u00e9sormais p\u00e8re d\u2019une petite fille, n\u00e9e en d\u00e9cembre 2024 et de nationalit\u00e9 fran\u00e7aise. Imad Ould Brahim avait \u00e9galement pr\u00e9sent\u00e9 une demande de titre de s\u00e9jour aupr\u00e8s de la pr\u00e9fecture, en date du 29 d\u00e9cembre 2024, apr\u00e8s la naissance de sa fille, invoquant le motif de \u00abvie priv\u00e9e et familiale\u00bb.<\/p>\n<p>                                    <a class=\"fig-a11y-skip a11y-hidden\" href=\"#fig-a11y-skip-main-inarticle\"><br \/>\n        Passer la publicit\u00e9<br \/>\n    <\/a><\/p>\n<p class=\"fig-paragraph\">Dans leur d\u00e9cision rendue lundi, les juges ont fait r\u00e9f\u00e9rence aux accords conclus entre Paris et Alger, pr\u00e9cisant qu\u2019un \u00abcertificat de r\u00e9sidence d\u2019un an portant la mention \u201cvie priv\u00e9e et familiale\u201d est d\u00e9livr\u00e9 de plein droit au ressortissant alg\u00e9rien, ascendant direct d\u2019un enfant fran\u00e7ais mineur r\u00e9sident en France, \u00e0 la condition qu\u2019il exerce m\u00eame partiellement l\u2019autorit\u00e9 parentale \u00e0 l\u2019\u00e9gard de cet enfant ou qu\u2019il subvienne effectivement \u00e0 ses besoins.\u00bb<\/p>\n<p class=\"fig-body-link\">\n            \u00c0 lire aussi<br \/>\n        <a class=\"fig-body-link__link fig-premium-mark\" href=\"http:\/\/www.lefigaro.fr\/faits-divers\/j-aurais-du-faire-plus-attention-a-son-proces-l-influenceuse-rym-renom-jure-ne-pas-avoir-voulu-tromper-ses-abonnes-20250624\" data-fig-type=\"Article\" data-gtm-custom-categorie=\"navigation\" data-gtm-custom-action=\"crossclick\" data-gtm-custom-label=\"Contextuel\" data-gtm-event=\"customEventSPE\" data-fig-domain=\"LEFIGARO\" target=\"_blank\" rel=\"noopener\">\u00abJ\u2019aurais d\u00fb faire plus attention\u00bb\u00a0: \u00e0 son proc\u00e8s, l\u2019influenceuse Rym Renom jure ne pas avoir voulu tromper ses abonn\u00e9s<br \/>\n    <\/a>\n<\/p>\n<p>Autorisation provisoire de s\u00e9jour<\/p>\n<p class=\"fig-paragraph\">Estimant que la pr\u00e9fecture de l\u2019Is\u00e8re aurait d\u00fb v\u00e9rifier si une demande de titre de s\u00e9jour avait \u00e9t\u00e9 d\u00e9pos\u00e9e, les juges ont act\u00e9 l\u2019annulation de l\u2019OQTF qui visait Imad Ould Brahim jusque-l\u00e0. La pr\u00e9fecture de l\u2019Is\u00e8re a d\u00e9sormais trois mois pour se prononcer sur sa situation et devra lui d\u00e9livrer une autorisation provisoire de s\u00e9jour, dans un d\u00e9lai de huit jours, pour lui permettre de travailler. La pr\u00e9f\u00e8te dispose d\u2019un mois pour faire appel de cette d\u00e9cision.<\/p>\n<p class=\"fig-paragraph\">Cet \u00e9pisode s\u2019ajoute au feuilleton judiciaire dans lequel est impliqu\u00e9 ce jeune alg\u00e9rien, interpell\u00e9 d\u00e9but janvier et jug\u00e9 devant le tribunal de Grenoble, le 23 mai dernier. La traduction des propos qu\u2019il avait tenus sur son compte TikTok avait \u00e9t\u00e9 au c\u0153ur des d\u00e9bats lors du proc\u00e8s. Se basant sur une nouvelle traduction des propos de l\u2019influenceur, r\u00e9alis\u00e9e par un expert de la Cour de cassation, \u00c9tienne Manteaux, le procureur de la R\u00e9publique de Grenoble avait estim\u00e9 que \u00abla juste qualification des faits \u00e0 la vue de cette traduction, ne [relevait] pas de la provocation \u00e0 un acte de terrorisme\u00bb. Le 10 juin, Imad Ould Brahim a finalement \u00e9t\u00e9 condamn\u00e9 \u00e0 450 euros d\u2019amende par le tribunal judiciaire de Grenoble. Le parquet a fait appel de cette d\u00e9cision.<\/p>\n","protected":false},"excerpt":{"rendered":"Interpell\u00e9 en janvier dernier, Imad Ould Brahim \u00e9tait sous le coup d\u2019une obligation de quitter le territoire fran\u00e7ais,&hellip;\n","protected":false},"author":2,"featured_media":268170,"comment_status":"","ping_status":"","sticky":false,"template":"","format":"standard","meta":{"footnotes":""},"categories":[9566],"tags":[1111,11,2430,1777,674,1011,27,2731,2480,303,12,4347,25],"class_list":{"0":"post-268169","1":"post","2":"type-post","3":"status-publish","4":"format-standard","5":"has-post-thumbnail","7":"category-grenoble","8":"tag-actu","9":"tag-actualites","10":"tag-auvergne-rhone-alpes","11":"tag-eu","12":"tag-europe","13":"tag-fr","14":"tag-france","15":"tag-grenoble","16":"tag-influenceurs","17":"tag-justice","18":"tag-news","19":"tag-oqtf","20":"tag-republique-francaise"},"share_on_mastodon":{"url":"https:\/\/pubeurope.com\/@fr\/114902945245867064","error":""},"_links":{"self":[{"href":"https:\/\/www.europesays.com\/fr\/wp-json\/wp\/v2\/posts\/268169","targetHints":{"allow":["GET"]}}],"collection":[{"href":"https:\/\/www.europesays.com\/fr\/wp-json\/wp\/v2\/posts"}],"about":[{"href":"https:\/\/www.europesays.com\/fr\/wp-json\/wp\/v2\/types\/post"}],"author":[{"embeddable":true,"href":"https:\/\/www.europesays.com\/fr\/wp-json\/wp\/v2\/users\/2"}],"replies":[{"embeddable":true,"href":"https:\/\/www.europesays.com\/fr\/wp-json\/wp\/v2\/comments?post=268169"}],"version-history":[{"count":0,"href":"https:\/\/www.europesays.com\/fr\/wp-json\/wp\/v2\/posts\/268169\/revisions"}],"wp:featuredmedia":[{"embeddable":true,"href":"https:\/\/www.europesays.com\/fr\/wp-json\/wp\/v2\/media\/268170"}],"wp:attachment":[{"href":"https:\/\/www.europesays.com\/fr\/wp-json\/wp\/v2\/media?parent=268169"}],"wp:term":[{"taxonomy":"category","embeddable":true,"href":"https:\/\/www.europesays.com\/fr\/wp-json\/wp\/v2\/categories?post=268169"},{"taxonomy":"post_tag","embeddable":true,"href":"https:\/\/www.europesays.com\/fr\/wp-json\/wp\/v2\/tags?post=268169"}],"curies":[{"name":"wp","href":"https:\/\/api.w.org\/{rel}","templated":true}]}}