{"id":268189,"date":"2025-07-23T14:19:09","date_gmt":"2025-07-23T14:19:09","guid":{"rendered":"https:\/\/www.europesays.com\/fr\/268189\/"},"modified":"2025-07-23T14:19:09","modified_gmt":"2025-07-23T14:19:09","slug":"un-bouchon-est-en-cours","status":"publish","type":"post","link":"https:\/\/www.europesays.com\/fr\/268189\/","title":{"rendered":"un bouchon est en cours"},"content":{"rendered":"<p>            Par<br \/>\n        <strong><br \/>\n            <a href=\"https:\/\/actu.fr\/auteur\/lea-afonso\" title=\"Consulter tous les articles de L\u00e9a Afonso\" target=\"_blank\" rel=\"noopener\">L\u00e9a Afonso<\/a><br \/>\n        <\/strong><\/p>\n<p>        Publi\u00e9 le<\/p>\n<p>            23 juil. 2025 \u00e0 16h16        <\/p>\n<p>Un <strong>accident<\/strong> s\u2019est produit sur une voie rapide de <a href=\"https:\/\/actu.fr\/toulouse\/\" target=\"_blank\" rel=\"noopener\">Toulouse<\/a> ce mercredi 23\u00a0juillet 2025. Il implique un <strong>camion<\/strong> et une <strong>voiture<\/strong> sur l\u2019A624, \u00e0 hauteur de l\u2019\u00e9changeur de Purpan.<\/p>\n<p>    <a href=\"https:\/\/www.google.com\/maps\/embed?pb=!1m14!1m12!1m3!1d2889.1676583362596!2d1.4012526675658872!3d43.60305063250799!2m3!1f0!2f0!3f0!3m2!1i1024!2i768!4f13.1!5e0!3m2!1sfr!2sfr!4v1753279147871!5m2!1sfr!2sfr\" title=\"Ouvrie le lien\" target=\"_blank\" rel=\"noopener\">Cliquez ici pour visualiser le contenu<\/a><\/p>\n<p>Un camion de travers<\/p>\n<p class=\" wall-content\">Comme l\u2019a constat\u00e9 une de nos journalistes, ce mercredi, aux alentours de 15\u2009h\u200930, un accident sur cette voie rapide, dans le <strong>sens de Toulouse vers Colomiers<\/strong>. Un <strong>camion<\/strong> s\u2019est retrouv\u00e9 en travers des voies de circulations. Deux voies ont \u00e9t\u00e9 ferm\u00e9es \u00e0 la circulation.<\/p>\n<p class=\" wall-content\">La <strong>voiture<\/strong> percut\u00e9e se trouve, elle, sur la <strong>voie de droite.<\/strong> Ainsi, plus qu\u2019<strong>une seule voie<\/strong> de circulation \u2013 \u00e9troite \u2013 demeure <strong>accessible<\/strong>.<\/p>\n<p>Des bouchons de plusieurs kilom\u00e8tres<\/p>\n<p class=\" wall-content\">Un accident qui survient alors que l\u2019heure de pointe approche.<\/p>\n<p>Vid\u00e9os : en ce moment sur Actu<\/p>\n<p class=\" wall-content\">D\u2019ores et d\u00e9j\u00e0 un bouchon de plus de trois kilom\u00e8tres est en cours. La file des v\u00e9hicules \u00e0 l\u2019arr\u00eat remonte sur le p\u00e9riph\u00e9rique int\u00e9rieur, depuis\u00a0<strong>l\u2019\u00e9changeur de la Faourette, en direction du nord de la Ville rose<\/strong>.<\/p>\n<p class=\" wall-content\">Un secteur qu\u2019il faut donc \u00e9viter.<\/p>\n<p class=\" wall-content\">Suivez toute l\u2019actualit\u00e9 de vos villes et m\u00e9dias favoris en vous inscrivant \u00e0 <a href=\"https:\/\/moncompte.actu.fr\" title=\"D\u00e9couvez Mon Actu\" rel=\"nofollow noopener\" data-trk=\"{&quot;cta&quot;:{&quot;action&quot;:&quot;https:\\\/\\\/moncompte.actu.fr&quot;,&quot;category&quot;:&quot;mon compte&quot;,&quot;from&quot;:&quot;article footer&quot;,&quot;name&quot;:&quot;Mon actu&quot;,&quot;type&quot;:&quot;cta&quot;}}\" target=\"_blank\">Mon Actu<\/a>.<\/p>\n<ul class=\"ac-article-tag wall-content\">\n<li><a href=\"https:\/\/actu.fr\/tag\/accident\" data-trk=\"{&quot;cta&quot;:{&quot;action&quot;:&quot;Accident&quot;,&quot;category&quot;:&quot;tag&quot;,&quot;from&quot;:&quot;article footer&quot;,&quot;name&quot;:&quot;Accident&quot;,&quot;type&quot;:&quot;cta&quot;}}\" target=\"_blank\" rel=\"noopener\">#Accident<\/a><\/li>\n<li><a href=\"https:\/\/actu.fr\/tag\/peripherique-de-toulouse\" data-trk=\"{&quot;cta&quot;:{&quot;action&quot;:&quot;P\\u00e9riph\\u00e9rique de Toulouse&quot;,&quot;category&quot;:&quot;tag&quot;,&quot;from&quot;:&quot;article footer&quot;,&quot;name&quot;:&quot;P\\u00e9riph\\u00e9rique de Toulouse&quot;,&quot;type&quot;:&quot;cta&quot;}}\" target=\"_blank\" rel=\"noopener\">#P\u00e9riph\u00e9rique de Toulouse<\/a><\/li>\n<\/ul>\n","protected":false},"excerpt":{"rendered":"Par L\u00e9a Afonso Publi\u00e9 le 23 juil. 2025 \u00e0 16h16 Un accident s\u2019est produit sur une voie rapide&hellip;\n","protected":false},"author":2,"featured_media":268190,"comment_status":"","ping_status":"","sticky":false,"template":"","format":"standard","meta":{"footnotes":""},"categories":[2816],"tags":[119,1111,11,1777,674,118,1011,27,12,2680,4800,25,2312],"class_list":{"0":"post-268189","1":"post","2":"type-post","3":"status-publish","4":"format-standard","5":"has-post-thumbnail","7":"category-toulouse","8":"tag-accident","9":"tag-actu","10":"tag-actualites","11":"tag-eu","12":"tag-europe","13":"tag-faits-divers","14":"tag-fr","15":"tag-france","16":"tag-news","17":"tag-occitanie","18":"tag-peripherique-de-toulouse","19":"tag-republique-francaise","20":"tag-toulouse"},"share_on_mastodon":{"url":"https:\/\/pubeurope.com\/@fr\/114902988450543293","error":""},"_links":{"self":[{"href":"https:\/\/www.europesays.com\/fr\/wp-json\/wp\/v2\/posts\/268189","targetHints":{"allow":["GET"]}}],"collection":[{"href":"https:\/\/www.europesays.com\/fr\/wp-json\/wp\/v2\/posts"}],"about":[{"href":"https:\/\/www.europesays.com\/fr\/wp-json\/wp\/v2\/types\/post"}],"author":[{"embeddable":true,"href":"https:\/\/www.europesays.com\/fr\/wp-json\/wp\/v2\/users\/2"}],"replies":[{"embeddable":true,"href":"https:\/\/www.europesays.com\/fr\/wp-json\/wp\/v2\/comments?post=268189"}],"version-history":[{"count":0,"href":"https:\/\/www.europesays.com\/fr\/wp-json\/wp\/v2\/posts\/268189\/revisions"}],"wp:featuredmedia":[{"embeddable":true,"href":"https:\/\/www.europesays.com\/fr\/wp-json\/wp\/v2\/media\/268190"}],"wp:attachment":[{"href":"https:\/\/www.europesays.com\/fr\/wp-json\/wp\/v2\/media?parent=268189"}],"wp:term":[{"taxonomy":"category","embeddable":true,"href":"https:\/\/www.europesays.com\/fr\/wp-json\/wp\/v2\/categories?post=268189"},{"taxonomy":"post_tag","embeddable":true,"href":"https:\/\/www.europesays.com\/fr\/wp-json\/wp\/v2\/tags?post=268189"}],"curies":[{"name":"wp","href":"https:\/\/api.w.org\/{rel}","templated":true}]}}