{"id":268197,"date":"2025-07-23T14:23:10","date_gmt":"2025-07-23T14:23:10","guid":{"rendered":"https:\/\/www.europesays.com\/fr\/268197\/"},"modified":"2025-07-23T14:23:10","modified_gmt":"2025-07-23T14:23:10","slug":"incendies-aux-portes-de-marseille-au-secours-des-chats-blesses-ou-brules","status":"publish","type":"post","link":"https:\/\/www.europesays.com\/fr\/268197\/","title":{"rendered":"Incendies aux portes de Marseille\u00a0: au secours des chats bless\u00e9s ou br\u00fbl\u00e9s"},"content":{"rendered":"<p class=\"paragraph text_align_left lp-f-body-02\">Apr\u00e8s <a href=\"https:\/\/www.leparisien.fr\/environnement\/des-sirenes-de-tous-les-cotes-et-une-fumee-tres-epaisse-marseille-touchee-par-un-violent-feu-de-foret-08-07-2025-NQGLLGUDDFCHBA2Z5V6OCVVCRI.php\" target=\"_blank\" rel=\"noreferrer noopener\">l\u2019incendie qui a ravag\u00e9 la commune des Pennes-Mirabeau<\/a> et le quartier marseillais de l\u2019Estaque (<a href=\"https:\/\/www.leparisien.fr\/bouches-du-rhone-13\/\" target=\"_blank\" rel=\"noreferrer noopener\">Bouches-du-Rh\u00f4ne<\/a>) le 8 juillet dernier, les amis des animaux se mobilisent pour tenter de porter secours aux survivants, notamment des chats, mais aussi des chiens ou des ch\u00e8vres qui vivaient dans ces collines. Un groupe ouvert aux voisins sur une messagerie est notamment consacr\u00e9 depuis les premiers jours du sinistre aux annonces d\u2019animaux disparus ou au contraire d\u00e9couverts afin que leurs propri\u00e9taires puissent avoir des nouvelles.<\/p>\n<p class=\"paragraph text_align_left lp-f-body-02\">Le cabinet v\u00e9t\u00e9rinaire de la commune voisine du Rove se mobilise \u00e9galement pour recueillir et soigner les animaux bless\u00e9s, surtout des chats victimes de br\u00fblures. Il a notamment r\u00e9cup\u00e9r\u00e9 plusieurs f\u00e9lins, dont la plupart ont pu \u00eatre soign\u00e9s. Tous appartenaient \u00e0 un habitant de l\u2019Estaque dont la maison a \u00e9t\u00e9 enti\u00e8rement br\u00fbl\u00e9e et qui, souffrant du syndrome de No\u00e9, poss\u00e9dait des dizaines de chats.<\/p>\n<p class=\"paragraph text_align_left lp-f-body-02\">Le personnel du cabinet v\u00e9t\u00e9rinaire est tr\u00e8s inquiet pour les autres et demande l\u2019autorisation d\u2019aller sur place pour voir s\u2019ils restaient d\u2019autres animaux \u00e0 sauver.<\/p>\n<p>\u00ab D\u00e8s le jour de l\u2019incendie, les pompiers ont sauv\u00e9 et \u00e9vacu\u00e9 les animaux \u00bb<\/p>\n<p class=\"paragraph text_align_left lp-f-body-02\">\u00ab On a alert\u00e9 la mairie et m\u00eame port\u00e9 plainte lundi contre le propri\u00e9taire de tous ces chats pour que le service de protection des animaux (Sacpa qui a remplac\u00e9 la fourri\u00e8re) puisse aller chercher les survivants \u00bb, raconte Christianne Azoug, assistante du v\u00e9t\u00e9rinaire du Rove.<\/p>\n<p class=\"paragraph text_align_left lp-f-body-02\">\u00ab <a href=\"https:\/\/www.leparisien.fr\/bouches-du-rhone-13\/un-incendie-en-cours-aux-portes-de-marseille-les-habitants-invites-a-rester-chez-eux-08-07-2025-6OS2BWPAOJCVBH5DHH6XJWQS2M.php\" target=\"_self\" rel=\"noopener\">D\u00e8s le jour de l\u2019incendie<\/a>, les pompiers ont sauv\u00e9 et \u00e9vacu\u00e9 les animaux \u00bb, pr\u00e9cise Christine Juste, adjointe en charge de l\u2019environnement et de l\u2019animal dans la ville. \u00ab Les soins ont \u00e9t\u00e9 pris en charge par la ville. Si les propri\u00e9taires qui ont d\u00fb \u00eatre relog\u00e9s ont des probl\u00e8mes pour l\u2019accueil gratuit de leurs animaux de compagnie on les accueille dans un refuge \u00e0 Trets en pleine nature. \u00bb<\/p>\n","protected":false},"excerpt":{"rendered":"Apr\u00e8s l\u2019incendie qui a ravag\u00e9 la commune des Pennes-Mirabeau et le quartier marseillais de l\u2019Estaque (Bouches-du-Rh\u00f4ne) le 8&hellip;\n","protected":false},"author":2,"featured_media":268198,"comment_status":"","ping_status":"","sticky":false,"template":"","format":"standard","meta":{"footnotes":""},"categories":[2814],"tags":[1111,917,11,1867,11004,459,1777,674,1011,27,884,12,882,25],"class_list":{"0":"post-268197","1":"post","2":"type-post","3":"status-publish","4":"format-standard","5":"has-post-thumbnail","7":"category-marseille","8":"tag-actu","9":"tag-actu-locale","10":"tag-actualites","11":"tag-animaux","12":"tag-bouches-du-rhone-13","13":"tag-departements-horsidfo","14":"tag-eu","15":"tag-europe","16":"tag-fr","17":"tag-france","18":"tag-marseille","19":"tag-news","20":"tag-provence-alpes-cote-dazur","21":"tag-republique-francaise"},"share_on_mastodon":{"url":"","error":""},"_links":{"self":[{"href":"https:\/\/www.europesays.com\/fr\/wp-json\/wp\/v2\/posts\/268197","targetHints":{"allow":["GET"]}}],"collection":[{"href":"https:\/\/www.europesays.com\/fr\/wp-json\/wp\/v2\/posts"}],"about":[{"href":"https:\/\/www.europesays.com\/fr\/wp-json\/wp\/v2\/types\/post"}],"author":[{"embeddable":true,"href":"https:\/\/www.europesays.com\/fr\/wp-json\/wp\/v2\/users\/2"}],"replies":[{"embeddable":true,"href":"https:\/\/www.europesays.com\/fr\/wp-json\/wp\/v2\/comments?post=268197"}],"version-history":[{"count":0,"href":"https:\/\/www.europesays.com\/fr\/wp-json\/wp\/v2\/posts\/268197\/revisions"}],"wp:featuredmedia":[{"embeddable":true,"href":"https:\/\/www.europesays.com\/fr\/wp-json\/wp\/v2\/media\/268198"}],"wp:attachment":[{"href":"https:\/\/www.europesays.com\/fr\/wp-json\/wp\/v2\/media?parent=268197"}],"wp:term":[{"taxonomy":"category","embeddable":true,"href":"https:\/\/www.europesays.com\/fr\/wp-json\/wp\/v2\/categories?post=268197"},{"taxonomy":"post_tag","embeddable":true,"href":"https:\/\/www.europesays.com\/fr\/wp-json\/wp\/v2\/tags?post=268197"}],"curies":[{"name":"wp","href":"https:\/\/api.w.org\/{rel}","templated":true}]}}