{"id":268201,"date":"2025-07-23T14:25:11","date_gmt":"2025-07-23T14:25:11","guid":{"rendered":"https:\/\/www.europesays.com\/fr\/268201\/"},"modified":"2025-07-23T14:25:11","modified_gmt":"2025-07-23T14:25:11","slug":"metropole-de-lyon-les-travaux-du-boulevard-yves-farge-perturbent-la-circulation-a-feyzin","status":"publish","type":"post","link":"https:\/\/www.europesays.com\/fr\/268201\/","title":{"rendered":"M\u00e9tropole de Lyon. Les travaux du boulevard Yves-Farge perturbent la circulation \u00e0 Feyzin"},"content":{"rendered":"<p>La M\u00e9tropole de Lyon, en charge des travaux de requalification du boulevard Yves-Farge, le rappelle\u00a0: \u00ab\u00a0D\u2019ici \u00e0 2026, cet axe historiquement tr\u00e8s routier va se transformer pour devenir un boulevard urbain paysager avec plusieurs am\u00e9nagements pour pi\u00e9tons et cyclistes\u00a0\u00bb.<\/p>\n<p>Objectif de la collectivit\u00e9\u00a0: \u00ab\u00a0Faciliter les liaisons entre les quartiers des Clochettes \u00e0 Saint-Fons et le plateau des Minguettes \u00e0 V\u00e9nissieux\u00a0\u00bb. Pour acc\u00e9l\u00e9rer la r\u00e9alisation des travaux, qui devraient durer deux mois et qui ont d\u00e9but\u00e9 fin juin, la M\u00e9tropole a fait le choix de fermer la circulation. Aussi, la ligne de bus 60 est d\u00e9vi\u00e9e. Ce qui rallonge le temps de trajet. Et les deux ronds-points situ\u00e9s au nord de Feyzin, sur le boulevard, sont \u00e9galement inaccessibles.<\/p>\n<p>D\u2019apr\u00e8s la Ville, des discussions sont en cours avec la M\u00e9tropole pour \u00ab\u00a0apporter des am\u00e9liorations concr\u00e8tes dans le cadre de la refonte des lignes de bus du secteur qui sera men\u00e9e dans les prochains mois\u00a0\u00bb. Notamment dans le cadre de l\u2019arriv\u00e9e du futur tramway T10. Cette nouvelle ligne, dont la mise en service est attendue pour 2026 devrait relier Gerland (Lyon 7) \u00e0 la gare de V\u00e9nissieux (en passant par le boulevard Sampaix \u00e0 V\u00e9nissieux, les rues Sembat, Plasse et Carnot \u00e0 Saint-Fons ainsi que l\u2019avenue de la R\u00e9publique \u00e0 V\u00e9nissieux).<\/p>\n","protected":false},"excerpt":{"rendered":"La M\u00e9tropole de Lyon, en charge des travaux de requalification du boulevard Yves-Farge, le rappelle\u00a0: \u00ab\u00a0D\u2019ici \u00e0 2026,&hellip;\n","protected":false},"author":2,"featured_media":268202,"comment_status":"","ping_status":"","sticky":false,"template":"","format":"standard","meta":{"footnotes":""},"categories":[1889],"tags":[1111,11,2430,3542,3152,1777,674,29519,1011,27,2428,12,25,12592,2803,4375,4407],"class_list":{"0":"post-268201","1":"post","2":"type-post","3":"status-publish","4":"format-standard","5":"has-post-thumbnail","7":"category-lyon","8":"tag-actu","9":"tag-actualites","10":"tag-auvergne-rhone-alpes","11":"tag-circulation","12":"tag-edition-est-lyonnais","13":"tag-eu","14":"tag-europe","15":"tag-feyzin","16":"tag-fr","17":"tag-france","18":"tag-lyon","19":"tag-news","20":"tag-republique-francaise","21":"tag-saint-fons","22":"tag-transport","23":"tag-venissieux","24":"tag-venissieux-bassin"},"share_on_mastodon":{"url":"https:\/\/pubeurope.com\/@fr\/114903012056422939","error":""},"_links":{"self":[{"href":"https:\/\/www.europesays.com\/fr\/wp-json\/wp\/v2\/posts\/268201","targetHints":{"allow":["GET"]}}],"collection":[{"href":"https:\/\/www.europesays.com\/fr\/wp-json\/wp\/v2\/posts"}],"about":[{"href":"https:\/\/www.europesays.com\/fr\/wp-json\/wp\/v2\/types\/post"}],"author":[{"embeddable":true,"href":"https:\/\/www.europesays.com\/fr\/wp-json\/wp\/v2\/users\/2"}],"replies":[{"embeddable":true,"href":"https:\/\/www.europesays.com\/fr\/wp-json\/wp\/v2\/comments?post=268201"}],"version-history":[{"count":0,"href":"https:\/\/www.europesays.com\/fr\/wp-json\/wp\/v2\/posts\/268201\/revisions"}],"wp:featuredmedia":[{"embeddable":true,"href":"https:\/\/www.europesays.com\/fr\/wp-json\/wp\/v2\/media\/268202"}],"wp:attachment":[{"href":"https:\/\/www.europesays.com\/fr\/wp-json\/wp\/v2\/media?parent=268201"}],"wp:term":[{"taxonomy":"category","embeddable":true,"href":"https:\/\/www.europesays.com\/fr\/wp-json\/wp\/v2\/categories?post=268201"},{"taxonomy":"post_tag","embeddable":true,"href":"https:\/\/www.europesays.com\/fr\/wp-json\/wp\/v2\/tags?post=268201"}],"curies":[{"name":"wp","href":"https:\/\/api.w.org\/{rel}","templated":true}]}}