{"id":268209,"date":"2025-07-23T14:29:09","date_gmt":"2025-07-23T14:29:09","guid":{"rendered":"https:\/\/www.europesays.com\/fr\/268209\/"},"modified":"2025-07-23T14:29:09","modified_gmt":"2025-07-23T14:29:09","slug":"un-cycliste-irlandais-decede-sur-les-rails-du-metro-a-paris","status":"publish","type":"post","link":"https:\/\/www.europesays.com\/fr\/268209\/","title":{"rendered":"un cycliste irlandais d\u00e9c\u00e8de sur les rails du m\u00e9tro \u00e0 Paris"},"content":{"rendered":"<p>            Par<br \/>\n        <strong><br \/>\n            <a href=\"https:\/\/actu.fr\/auteur\/antoine-blanchet\" title=\"Consulter tous les articles de Antoine Blanchet\" target=\"_blank\" rel=\"noopener\">Antoine Blanchet<\/a><br \/>\n        <\/strong><\/p>\n<p>        Publi\u00e9 le<\/p>\n<p>            23 juil. 2025 \u00e0 15h10        <\/p>\n<p>Un drame dans le contexte d\u2019un moment de liesse sportive. Lundi 21\u00a0juillet 2025, <strong>Tomas W\u00e0lsh<\/strong>, jeune cycliste irlandais et fan du <a href=\"https:\/\/actu.fr\/tag\/tour-de-france\" target=\"_blank\" rel=\"noopener\">Tour de France<\/a>, est mort <a href=\"https:\/\/actu.fr\/tag\/ratp\" target=\"_blank\" rel=\"noopener\">dans le m\u00e9tro<\/a> \u00e0 <a href=\"https:\/\/actu.fr\/paris\/\" target=\"_blank\" rel=\"noopener\">Paris<\/a>, a indiqu\u00e9 son club le <strong>Comeragh Cycling Club<\/strong>. Le jeune de 25 ans serait mort \u00e9lectrocut\u00e9 en chutant sur les rails du m\u00e9tro. Une enqu\u00eate a \u00e9t\u00e9 ouverte en recherche des causes de la mort, nous indique le parquet.\u00a0<\/p>\n<p>\u00ab\u2009Nous sommes boulevers\u00e9s par cette nouvelle\u2009\u00bb<\/p>\n<p class=\" wall-content\">Le drame s\u2019est nou\u00e9 en d\u00e9but de matin\u00e9e <a href=\"https:\/\/actu.fr\/ile-de-france\/paris_75056\/ratp-grave-accident-de-voyageur-le-trafic-tres-perturbe-sur-la-ligne-9-du-metro-a-paris_62935111.html\" target=\"_blank\" rel=\"noopener\">sur la ligne 9 du m\u00e9tro<\/a> \u00e0 la station Grands Boulevards. Dans des circonstances qui restent \u00e0 \u00e9claircir, le jeune homme a chut\u00e9 sur les voies <strong>et est mort \u00e9lectrocut\u00e9.<\/strong><\/p>\n<p>    <a href=\"https:\/\/www.facebook.com\/plugins\/post.php?href=https%3A%2F%2Fwww.facebook.com%2Fcomeraghcyclingclub%2Fposts%2Fpfbid0TQQ7XVSAF1fX7w1H2AtJkWuA1hXn1oCUpe53tHtqyh4gyGzN9XAHbhd1LmfythNyl&amp;show_text=true&amp;width=350\" title=\"Ouvrie le lien\" target=\"_blank\" rel=\"noopener\">Cliquez ici pour visualiser le contenu<\/a><\/p>\n<p class=\" wall-content\">Selon le m\u00e9dia irlandais <a href=\"https:\/\/www.independent.ie\/sport\/other-sports\/cycling\/young-waterford-cyclist-dies-in-electrocution-incident-on-tour-de-france-trip\/a697186430.html\" target=\"_blank\" rel=\"noopener\">Irish Independant<\/a>, le cycliste venait assister <strong>\u00e0 la 16e \u00e9tape<\/strong> du Tour de France, se d\u00e9roulant <a href=\"https:\/\/actu.fr\/evenements\/tour-de-france\/tour-de-france-des-attaques-a-tous-les-etages-le-parcours-de-l-etape-entre-montpellier-et-le-mont-ventoux_62571382.html\" target=\"_blank\" rel=\"noopener\">entre Montpellier et le mont Ventoux<\/a>. \u00ab\u2009Nous sommes boulevers\u00e9s par cette nouvelle\u2009\u00bb, a d\u00e9clar\u00e9 dans un communique le club de cyclisme de Tom\u00e0s Walsh sur les r\u00e9seaux sociaux. F\u00e9ru de v\u00e9lo, le jeune homme <strong>avait rejoint ce club \u00e0 l\u2019adolescence.<\/strong><\/p>\n<p class=\" wall-content\">Suivez toute l\u2019actualit\u00e9 de vos villes et m\u00e9dias favoris en vous inscrivant \u00e0 <a href=\"https:\/\/moncompte.actu.fr\" title=\"D\u00e9couvez Mon Actu\" rel=\"nofollow noopener\" data-trk=\"{&quot;cta&quot;:{&quot;action&quot;:&quot;https:\\\/\\\/moncompte.actu.fr&quot;,&quot;category&quot;:&quot;mon compte&quot;,&quot;from&quot;:&quot;article footer&quot;,&quot;name&quot;:&quot;Mon actu&quot;,&quot;type&quot;:&quot;cta&quot;}}\" target=\"_blank\">Mon Actu<\/a>.<\/p>\n","protected":false},"excerpt":{"rendered":"Par Antoine Blanchet Publi\u00e9 le 23 juil. 2025 \u00e0 15h10 Un drame dans le contexte d\u2019un moment de&hellip;\n","protected":false},"author":2,"featured_media":268210,"comment_status":"","ping_status":"","sticky":false,"template":"","format":"standard","meta":{"footnotes":""},"categories":[1888],"tags":[7757,1111,1928,11,1927,1777,674,118,1011,27,12,1926,626,1925,625,25,210],"class_list":{"0":"post-268209","1":"post","2":"type-post","3":"status-publish","4":"format-standard","5":"has-post-thumbnail","7":"category-paris","8":"tag-accident-grave-de-voyageur","9":"tag-actu","10":"tag-actu-paris","11":"tag-actualites","12":"tag-actualites-paris","13":"tag-eu","14":"tag-europe","15":"tag-faits-divers","16":"tag-fr","17":"tag-france","18":"tag-news","19":"tag-news-paris","20":"tag-paris","21":"tag-paris-news","22":"tag-ratp","23":"tag-republique-francaise","24":"tag-tour-de-france"},"share_on_mastodon":{"url":"https:\/\/pubeurope.com\/@fr\/114903027845730712","error":""},"_links":{"self":[{"href":"https:\/\/www.europesays.com\/fr\/wp-json\/wp\/v2\/posts\/268209","targetHints":{"allow":["GET"]}}],"collection":[{"href":"https:\/\/www.europesays.com\/fr\/wp-json\/wp\/v2\/posts"}],"about":[{"href":"https:\/\/www.europesays.com\/fr\/wp-json\/wp\/v2\/types\/post"}],"author":[{"embeddable":true,"href":"https:\/\/www.europesays.com\/fr\/wp-json\/wp\/v2\/users\/2"}],"replies":[{"embeddable":true,"href":"https:\/\/www.europesays.com\/fr\/wp-json\/wp\/v2\/comments?post=268209"}],"version-history":[{"count":0,"href":"https:\/\/www.europesays.com\/fr\/wp-json\/wp\/v2\/posts\/268209\/revisions"}],"wp:featuredmedia":[{"embeddable":true,"href":"https:\/\/www.europesays.com\/fr\/wp-json\/wp\/v2\/media\/268210"}],"wp:attachment":[{"href":"https:\/\/www.europesays.com\/fr\/wp-json\/wp\/v2\/media?parent=268209"}],"wp:term":[{"taxonomy":"category","embeddable":true,"href":"https:\/\/www.europesays.com\/fr\/wp-json\/wp\/v2\/categories?post=268209"},{"taxonomy":"post_tag","embeddable":true,"href":"https:\/\/www.europesays.com\/fr\/wp-json\/wp\/v2\/tags?post=268209"}],"curies":[{"name":"wp","href":"https:\/\/api.w.org\/{rel}","templated":true}]}}