{"id":268217,"date":"2025-07-23T14:33:09","date_gmt":"2025-07-23T14:33:09","guid":{"rendered":"https:\/\/www.europesays.com\/fr\/268217\/"},"modified":"2025-07-23T14:33:09","modified_gmt":"2025-07-23T14:33:09","slug":"vers-une-conscription-continue-en-russie","status":"publish","type":"post","link":"https:\/\/www.europesays.com\/fr\/268217\/","title":{"rendered":"Vers une conscription continue en Russie ?"},"content":{"rendered":"\n<p>La Russie pourrait mettre fin \u00e0 ses campagnes de conscription actuelles, men\u00e9es \u00e0 l\u2019automne et au printemps. Le pr\u00e9sident du comit\u00e9 de la D\u00e9fense de la Douma (chambre basse du Parlement russe), Andre\u00ef Kartapolov, propose une conscription \u201ccontinue sur 365 jours\u201d. Les d\u00e9cisions administratives et celles des commissions m\u00e9dicales pourraient ainsi intervenir \u00e0 tout moment, m\u00eame si les d\u00e9parts vers les unit\u00e9s continueraient de se faire au printemps et en \u00e9t\u00e9.<\/p>\n<p>Le texte pr\u00e9voit des exceptions pour certaines cat\u00e9gories, notamment les agriculteurs en p\u00e9riode de r\u00e9colte, les enseignants, ou encore les habitants du Grand Nord. <a class=\"ithalc\" data-ithal=\"lien_externe\" data-ithalc=\"[nav_article]\" target=\"_blank\" href=\"https:\/\/www.kommersant.ru\/doc\/7908013?from=glavnoe_2\" rel=\"noopener\">Selon le quotidien moscovite<strong> Kommersant<\/strong><\/a><strong>, <\/strong>cette r\u00e9forme vise \u00e0 \u201clisser la charge de travail des bureaux de conscription\u201d et \u00e0 \u201cam\u00e9liorer la qualit\u00e9 des recrutements\u201d.<\/p>\n<p><a class=\"ithalc\" data-ithal=\"lien_externe\" data-ithalc=\"[nav_article]\" target=\"_blank\" href=\"https:\/\/www.bbc.com\/russian\/articles\/cp90dxgj733o\" rel=\"noopener\">Comme le remarque le service en langue russe de la <strong>BBC<\/strong><\/a><strong>, <\/strong>le projet a de grandes chances d\u2019\u00eatre adopt\u00e9, car ses auteurs sont des d\u00e9put\u00e9s influents du parti au pouvoir, mais il est aussi pr\u00e9sent\u00e9 comme \u201cune r\u00e9ponse directe \u00e0 une directive pr\u00e9sidentielle\u201d. En cas d\u2019adoption, la mesure entrera en vigueur le 1er\u00a0janvier 2026.<\/p>\n<p> Moscou met en avant des avantages pratiques <\/p>\n<p>Le double appel ne r\u00e9pond plus aux imp\u00e9ratifs actuels, selon un d\u00e9put\u00e9 russe <a class=\"ithalc\" data-ithal=\"lien_externe\" data-ithalc=\"[nav_article]\" target=\"_blank\" href=\"https:\/\/www.rbc.ru\/politics\/22\/07\/2025\/687fc0419a79479f70d91a1b\" rel=\"noopener\">interview\u00e9 par le site \u00e9conomique <strong>RBK<\/strong><\/a><strong>.<\/strong> Celui-ci promet un fonctio<\/p>\n","protected":false},"excerpt":{"rendered":"La Russie pourrait mettre fin \u00e0 ses campagnes de conscription actuelles, men\u00e9es \u00e0 l\u2019automne et au printemps. Le&hellip;\n","protected":false},"author":2,"featured_media":268218,"comment_status":"","ping_status":"","sticky":false,"template":"","format":"standard","meta":{"footnotes":""},"categories":[1591],"tags":[11,674,1887,1892,131,12,2476,1885,1886,132,1857,220],"class_list":{"0":"post-268217","1":"post","2":"type-post","3":"status-publish","4":"format-standard","5":"has-post-thumbnail","7":"category-russie","8":"tag-actualites","9":"tag-europe","10":"tag-federation-de-russie","11":"tag-gu00e9opolitique","12":"tag-guerre-en-ukraine","13":"tag-news","14":"tag-politique-de-du00e9fense","15":"tag-russia","16":"tag-russian-federation","17":"tag-russie","18":"tag-sociu00e9tu00e9","19":"tag-ukraine"},"share_on_mastodon":{"url":"https:\/\/pubeurope.com\/@fr\/114903043536801822","error":""},"_links":{"self":[{"href":"https:\/\/www.europesays.com\/fr\/wp-json\/wp\/v2\/posts\/268217","targetHints":{"allow":["GET"]}}],"collection":[{"href":"https:\/\/www.europesays.com\/fr\/wp-json\/wp\/v2\/posts"}],"about":[{"href":"https:\/\/www.europesays.com\/fr\/wp-json\/wp\/v2\/types\/post"}],"author":[{"embeddable":true,"href":"https:\/\/www.europesays.com\/fr\/wp-json\/wp\/v2\/users\/2"}],"replies":[{"embeddable":true,"href":"https:\/\/www.europesays.com\/fr\/wp-json\/wp\/v2\/comments?post=268217"}],"version-history":[{"count":0,"href":"https:\/\/www.europesays.com\/fr\/wp-json\/wp\/v2\/posts\/268217\/revisions"}],"wp:featuredmedia":[{"embeddable":true,"href":"https:\/\/www.europesays.com\/fr\/wp-json\/wp\/v2\/media\/268218"}],"wp:attachment":[{"href":"https:\/\/www.europesays.com\/fr\/wp-json\/wp\/v2\/media?parent=268217"}],"wp:term":[{"taxonomy":"category","embeddable":true,"href":"https:\/\/www.europesays.com\/fr\/wp-json\/wp\/v2\/categories?post=268217"},{"taxonomy":"post_tag","embeddable":true,"href":"https:\/\/www.europesays.com\/fr\/wp-json\/wp\/v2\/tags?post=268217"}],"curies":[{"name":"wp","href":"https:\/\/api.w.org\/{rel}","templated":true}]}}