{"id":268219,"date":"2025-07-23T14:34:10","date_gmt":"2025-07-23T14:34:10","guid":{"rendered":"https:\/\/www.europesays.com\/fr\/268219\/"},"modified":"2025-07-23T14:34:10","modified_gmt":"2025-07-23T14:34:10","slug":"en-ukraine-volodymyr-zelensky-fait-face-a-de-premieres-manifestations-depuis-le-debut-de-la-guerre","status":"publish","type":"post","link":"https:\/\/www.europesays.com\/fr\/268219\/","title":{"rendered":"En Ukraine, Volodymyr Zelensky fait face \u00e0 de premi\u00e8res manifestations depuis le d\u00e9but de la guerre"},"content":{"rendered":"\n<p> La lecture de ce contenu est susceptible d\u2019entra\u00eener un d\u00e9p\u00f4t de cookies de la part de l\u2019op\u00e9rateur tiers qui l\u2019h\u00e9berge. Compte-tenu des choix que vous avez exprim\u00e9s en mati\u00e8re de d\u00e9p\u00f4t de cookies, nous avons bloqu\u00e9 l\u2019affichage de ce contenu. Si vous souhaitez y acc\u00e9der, vous devez accepter la cat\u00e9gorie de cookies \u201cContenus tiers\u201d en cliquant sur le bouton ci-dessous. <\/p>\n<p> Lire la Vid\u00e9o              <\/p>\n<p class=\"asset asset-text\">UKRAINE &#8211; Il assure que la mesure est destin\u00e9e \u00e0 prot\u00e9ger le pays de \u00ab\u00a0l\u2019influence russe\u00a0\u00bb. Le pr\u00e9sident ukrainien Volodymyr Zelensky a promulgu\u00e9 mardi 22\u00a0juillet une loi critiqu\u00e9e, qui supprime l\u2019ind\u00e9pendance des agences anticorruption. Ce qui suscite l\u2019inqui\u00e9tude des alli\u00e9s de Kiev et a entra\u00een\u00e9 de rares manifestations dans le pays depuis <a href=\"https:\/\/www.huffingtonpost.fr\/international\/article\/ukraine-russie-des-negociations-sont-attendues-a-istanbul-ce-mercredi-voici-ce-que-l-on-sait_252890.html\" target=\"_blank\" rel=\"noopener\">l\u2019invasion de la Russie en f\u00e9vrier\u00a02022<\/a>.<\/p>\n<p class=\"asset asset-text\">La corruption <a href=\"https:\/\/www.huffingtonpost.fr\/international\/video\/guerre-en-ukraine-des-scandales-de-corruption-qui-font-tache_213281.html\" target=\"_blank\" rel=\"noopener\">est un mal end\u00e9mique en Ukraine<\/a> depuis de nombreuses ann\u00e9es, mais le pays avait fait des progr\u00e8s en cr\u00e9ant notamment, respectivement en 2014 et en 2015, une instance d\u2019enqu\u00eate, le Nabu, et un parquet d\u00e9di\u00e9, le SAP, sp\u00e9cialis\u00e9 dans ces affaires.<\/p>\n<p class=\"asset asset-text\">Mardi, le Parlement a vot\u00e9 \u00e0 263 voix pour, 13 contre et 13 abstentions, pour subordonner les activit\u00e9s de ces deux structures au procureur g\u00e9n\u00e9ral, lui-m\u00eame subordonn\u00e9 au pr\u00e9sident. Une mesure qui supprime de fait leur ind\u00e9pendance.<\/p>\n<p class=\"asset asset-text\">En fin de journ\u00e9e mardi, plusieurs centaines de manifestants sont descendus dans les rues de la capitale ukrainienne pour exprimer leur col\u00e8re, <strong>comme vous pouvez le voir dans la vid\u00e9o en t\u00eate d\u2019article<\/strong>. La foule, constitu\u00e9e en majorit\u00e9 de jeunes, a scand\u00e9 \u00ab\u00a0L\u2019Ukraine n\u2019est pas la Russie\u00a0!\u00a0\u00bb pour d\u00e9noncer, selon les manifestants, le \u00ab\u00a0recul d\u00e9mocratique\u00a0\u00bb enclench\u00e9 par cette mesure.<\/p>\n<p>                     Volodymyr Zelensky persiste et signe    <\/p>\n<p class=\"asset asset-text\">L\u2019adoption de la loi par les d\u00e9put\u00e9s ukrainiens survient au lendemain de l\u2019arrestation contest\u00e9e d\u2019un responsable travaillant dans l\u2019une de ces structures. Ce dernier est soup\u00e7onn\u00e9 d\u2019espionnage au profit de Moscou.<\/p>\n<p class=\"asset asset-text\">Selon des m\u00e9dias ukrainiens, ces mesures interviennent alors que le Nabu et le SAP s\u2019appr\u00eataient \u00e0 inculper l\u2019ex-ministre de l\u2019Unit\u00e9 nationale Oleksi\u00ef Tchernychov et alors que les deux instances enqu\u00eataient sur l\u2019ex-ministre de la Justice Olga Stefanichina.<\/p>\n<p class=\"asset asset-text\">La Commission europ\u00e9enne, par la voix de la commissaire charg\u00e9e de l\u2019\u00e9largissement de l\u2019UE, Marta Kos, s\u2019est dite \u00ab\u00a0profond\u00e9ment pr\u00e9occup\u00e9e\u00a0\u00bb par le vote, estimant qu\u2019il s\u2019agissait d\u2019un \u00ab\u00a0s\u00e9rieux recul\u00a0\u00bb de l\u2019<a href=\"https:\/\/www.huffingtonpost.fr\/ukraine\/\" target=\"_blank\" rel=\"noopener\">Ukraine<\/a> en mati\u00e8re de lutte contre la corruption. Le respect de \u00ab\u00a0l\u2019\u00c9tat de droit reste au c\u0153ur des n\u00e9gociations d\u2019adh\u00e9sion\u00a0\u00bb de l\u2019Ukraine \u00e0 l\u2019UE, a-t-elle ajout\u00e9.<\/p>\n<p class=\"asset asset-text\">Le pr\u00e9sident Zelensky a d\u00e9fendu sa signature du projet de loi. \u00ab\u00a0L\u2019infrastructure anticorruption fonctionnera. Simplement, sans l\u2019influence russe &#8211; tout doit \u00eatre (d\u00e9barrass\u00e9) de cela\u00a0\u00bb, a soutenu Volodymyr Zelensky sur Telegram, dans la nuit de mardi \u00e0 mercredi.<\/p>\n<p class=\"asset asset-text\">\u00ab\u00a0Il est important que le procureur g\u00e9n\u00e9ral soit d\u00e9termin\u00e9 \u00e0 assurer qu\u2019en Ukraine, l\u2019in\u00e9vitabilit\u00e9 des peines soit v\u00e9ritablement assur\u00e9e pour ceux qui vont \u00e0 l\u2019encontre de la loi\u00a0\u00bb, a-t-il ajout\u00e9.<\/p>\n<p>    Des instances \u00ab\u00a0essentielles\u00a0\u00bb selon l\u2019UE    <\/p>\n<p class=\"asset asset-text\">\u00ab\u00a0Aujourd\u2019hui, avec les votes de 263 d\u00e9put\u00e9s, l\u2019infrastructure anticorruption a \u00e9t\u00e9 d\u00e9truite\u00a0\u00bb, a regrett\u00e9 lors d\u2019une conf\u00e9rence de presse le directeur du Nabu, Semion Kryvonos, avertissant que la loi permettra l\u2019existence de \u00ab\u00a0personnes intouchables\u00a0\u00bb en Ukraine.<\/p>\n<p class=\"asset asset-text\">Le texte \u00ab\u00a0d\u00e9truit effectivement l\u2019ind\u00e9pendance de ces deux institutions vis-\u00e0-vis de toute influence politique et pression sur nos enqu\u00eates\u00a0\u00bb, a abond\u00e9 le chef du SAP, Oleksandre Klymenko.<\/p>\n<p class=\"asset asset-text\">Selon le d\u00e9put\u00e9 Roman Lozinsky, ce texte accorde au procureur g\u00e9n\u00e9ral le pouvoir de g\u00e9rer le SAP, de donner des \u00ab\u00a0instructions \u00e9crites obligatoires\u00a0\u00bb au Nabu et d\u2019avoir acc\u00e8s aux d\u00e9tails de n\u2019importe quelle affaire et de les d\u00e9l\u00e9guer au procureur de son choix ou \u00e0 d\u2019autres agences.<\/p>\n<p class=\"asset asset-text\">Anastassia Radina, \u00e0 la t\u00eate du Comit\u00e9 anticorruption du Parlement, a d\u00e9nonc\u00e9 aupr\u00e8s de l\u2019AFP un texte qui \u00ab\u00a0va \u00e0 l\u2019encontre de (&#8230;) nos obligations dans le cadre du processus d\u2019int\u00e9gration \u00e0 l\u2019UE\u00a0\u00bb.<\/p>\n<p class=\"asset asset-text\">Quelques heures avant le vote, un porte-parole de l\u2019UE, Guillaume Mercier, avait soulign\u00e9 que ces deux instances \u00e9taient \u00ab\u00a0essentielles au programme de r\u00e9forme\u00a0\u00bb que l\u2019Ukraine s\u2019est engag\u00e9e \u00e0 mener pour pouvoir <a href=\"https:\/\/www.huffingtonpost.fr\/international\/article\/adhesion-de-l-ukraine-a-l-ue-plus-que-la-russie-c-est-la-hongrie-de-viktor-orban-qui-menace-les-discussions_235976.html\" target=\"_blank\" rel=\"noopener\">adh\u00e9rer \u00e0 l\u2019Union europ\u00e9enne<\/a>.<\/p>\n","protected":false},"excerpt":{"rendered":"La lecture de ce contenu est susceptible d\u2019entra\u00eener un d\u00e9p\u00f4t de cookies de la part de l\u2019op\u00e9rateur tiers&hellip;\n","protected":false},"author":2,"featured_media":268220,"comment_status":"","ping_status":"","sticky":false,"template":"","format":"standard","meta":{"footnotes":""},"categories":[1590],"tags":[11,1777,674,14,2088,12,2532,220,134],"class_list":{"0":"post-268219","1":"post","2":"type-post","3":"status-publish","4":"format-standard","5":"has-post-thumbnail","7":"category-ukraine","8":"tag-actualites","9":"tag-eu","10":"tag-europe","11":"tag-international","12":"tag-manifestation","13":"tag-news","14":"tag-nos-videos","15":"tag-ukraine","16":"tag-volodymyr-zelensky"},"share_on_mastodon":{"url":"https:\/\/pubeurope.com\/@fr\/114903047382792779","error":""},"_links":{"self":[{"href":"https:\/\/www.europesays.com\/fr\/wp-json\/wp\/v2\/posts\/268219","targetHints":{"allow":["GET"]}}],"collection":[{"href":"https:\/\/www.europesays.com\/fr\/wp-json\/wp\/v2\/posts"}],"about":[{"href":"https:\/\/www.europesays.com\/fr\/wp-json\/wp\/v2\/types\/post"}],"author":[{"embeddable":true,"href":"https:\/\/www.europesays.com\/fr\/wp-json\/wp\/v2\/users\/2"}],"replies":[{"embeddable":true,"href":"https:\/\/www.europesays.com\/fr\/wp-json\/wp\/v2\/comments?post=268219"}],"version-history":[{"count":0,"href":"https:\/\/www.europesays.com\/fr\/wp-json\/wp\/v2\/posts\/268219\/revisions"}],"wp:featuredmedia":[{"embeddable":true,"href":"https:\/\/www.europesays.com\/fr\/wp-json\/wp\/v2\/media\/268220"}],"wp:attachment":[{"href":"https:\/\/www.europesays.com\/fr\/wp-json\/wp\/v2\/media?parent=268219"}],"wp:term":[{"taxonomy":"category","embeddable":true,"href":"https:\/\/www.europesays.com\/fr\/wp-json\/wp\/v2\/categories?post=268219"},{"taxonomy":"post_tag","embeddable":true,"href":"https:\/\/www.europesays.com\/fr\/wp-json\/wp\/v2\/tags?post=268219"}],"curies":[{"name":"wp","href":"https:\/\/api.w.org\/{rel}","templated":true}]}}