{"id":268223,"date":"2025-07-23T14:37:16","date_gmt":"2025-07-23T14:37:16","guid":{"rendered":"https:\/\/www.europesays.com\/fr\/268223\/"},"modified":"2025-07-23T14:37:16","modified_gmt":"2025-07-23T14:37:16","slug":"brand-et-lallemagne-a-lassaut-de-logre-espagnol","status":"publish","type":"post","link":"https:\/\/www.europesays.com\/fr\/268223\/","title":{"rendered":"Brand et l&rsquo;Allemagne \u00e0 l&rsquo;assaut de l&rsquo;ogre espagnol"},"content":{"rendered":"<p>                            <img width=\"770\" height=\"433\" src=\"https:\/\/www.europesays.com\/fr\/wp-content\/uploads\/2025\/07\/Jule-Brand-e1751695380964-770x433.jpg\" class=\"attachment-article size-article wp-post-image\" alt=\"Jule Brand, avec l'Allemagne\" decoding=\"async\" fetchpriority=\"high\"  \/><\/p>\n<p>Jule Brand, avec l\u2019Allemagne (@UEFA)<\/p>\n<p>Apr\u00e8s avoir \u00e9limin\u00e9 les Bleues, l\u2019Allemagne de Jule Brand affronte les Espagnoles en demi-finale de l\u2019Euro f\u00e9minin ce mercredi 23 juillet.<\/p>\n<p>L\u2019attaquante allemande Jule <strong>Brand<\/strong> n\u2019est plus que la derni\u00e8re repr\u00e9sentante lyonnaise dans cet Euro f\u00e9minin. Elle et ses co\u00e9quipi\u00e8res ont \u00e9limin\u00e9 la France en quart de finale de l\u2019Euro aux tirs aux buts apr\u00e8s un score d&rsquo;un but partout \u00e0 la fin des 120 minutes, le tout en inf\u00e9riorit\u00e9 num\u00e9rique. La Fenotte, qui avait provoqu\u00e9 un penalty sur une faute de Selma <strong><a href=\"https:\/\/www.olympique-et-lyonnais.com\/bacha-ol-lyonnes-fait-son-mea-culpa-apres-france-allemagne,372406.html\" target=\"_blank\" rel=\"noopener\">Bacha<\/a><\/strong>, a disput\u00e9 la quasi int\u00e9gralit\u00e9 de la rencontre remplac\u00e9e juste avant la s\u00e9ance des tirs aux buts.<\/p>\n<p>Un choix payant puisque sa rempla\u00e7ante Linda <strong>Dalmann<\/strong> a transform\u00e9 sa tentative quelques minutes plus tard. Ce mercredi, Jule <strong>Brand<\/strong> aura de nouveau un r\u00f4le crucial \u00e0 jouer. Apr\u00e8s les Bleues, l&rsquo;Espagne, championne du monde en titre et grande favorite de cet Euro f\u00e9minin, se met en travers de la route des Allemandes.<\/p>\n<p>Qui pour affronter l&rsquo;Angleterre en finale ?<\/p>\n<p>Depuis son sacre en 2023, les Espagnoles n&rsquo;ont perdu que quatre fois mais surprise l\u2019Allemagne fait partie de cette liste de prestige, de quoi donner des id\u00e9es aux joueuses de Christian <strong>W\u00fcck<\/strong>. Bien que sur le toit du monde depuis deux ans, l\u2019<strong>Espagne<\/strong> n\u2019a jamais remport\u00e9 le moindre Euro f\u00e9minin, au contraire des Allemandes. Ces derni\u00e8res ont remport\u00e9 le troph\u00e9e \u00e0 huit reprises m\u00eame si le dernier succ\u00e8s remonte \u00e0 plus d&rsquo;une d\u00e9cennie (1989, 1991, 1995, 1997, 2001, 2005, 2009, 2013). Le vainqueur de cette deuxi\u00e8me demi-finale de l&rsquo;Euro 2025 affrontera l&rsquo;Angleterre en finale le dimanche 27 juillet.<\/p>\n","protected":false},"excerpt":{"rendered":"Jule Brand, avec l\u2019Allemagne (@UEFA) Apr\u00e8s avoir \u00e9limin\u00e9 les Bleues, l\u2019Allemagne de Jule Brand affronte les Espagnoles en&hellip;\n","protected":false},"author":2,"featured_media":236997,"comment_status":"","ping_status":"","sticky":false,"template":"","format":"standard","meta":{"footnotes":""},"categories":[1587],"tags":[11,672,1804,1805,1803,1777,674,1801,12,241,23183,1802],"class_list":{"0":"post-268223","1":"post","2":"type-post","3":"status-publish","4":"format-standard","5":"has-post-thumbnail","7":"category-allemagne","8":"tag-actualites","9":"tag-allemagne","10":"tag-bundesrepublik-deutschland","11":"tag-de","12":"tag-deutschland","13":"tag-eu","14":"tag-europe","15":"tag-germany","16":"tag-news","17":"tag-ol","18":"tag-ol-lyonnes","19":"tag-republique-federale-dallemagne"},"share_on_mastodon":{"url":"https:\/\/pubeurope.com\/@fr\/114903059225385049","error":""},"_links":{"self":[{"href":"https:\/\/www.europesays.com\/fr\/wp-json\/wp\/v2\/posts\/268223","targetHints":{"allow":["GET"]}}],"collection":[{"href":"https:\/\/www.europesays.com\/fr\/wp-json\/wp\/v2\/posts"}],"about":[{"href":"https:\/\/www.europesays.com\/fr\/wp-json\/wp\/v2\/types\/post"}],"author":[{"embeddable":true,"href":"https:\/\/www.europesays.com\/fr\/wp-json\/wp\/v2\/users\/2"}],"replies":[{"embeddable":true,"href":"https:\/\/www.europesays.com\/fr\/wp-json\/wp\/v2\/comments?post=268223"}],"version-history":[{"count":0,"href":"https:\/\/www.europesays.com\/fr\/wp-json\/wp\/v2\/posts\/268223\/revisions"}],"wp:featuredmedia":[{"embeddable":true,"href":"https:\/\/www.europesays.com\/fr\/wp-json\/wp\/v2\/media\/236997"}],"wp:attachment":[{"href":"https:\/\/www.europesays.com\/fr\/wp-json\/wp\/v2\/media?parent=268223"}],"wp:term":[{"taxonomy":"category","embeddable":true,"href":"https:\/\/www.europesays.com\/fr\/wp-json\/wp\/v2\/categories?post=268223"},{"taxonomy":"post_tag","embeddable":true,"href":"https:\/\/www.europesays.com\/fr\/wp-json\/wp\/v2\/tags?post=268223"}],"curies":[{"name":"wp","href":"https:\/\/api.w.org\/{rel}","templated":true}]}}