{"id":268230,"date":"2025-07-23T14:41:14","date_gmt":"2025-07-23T14:41:14","guid":{"rendered":"https:\/\/www.europesays.com\/fr\/268230\/"},"modified":"2025-07-23T14:41:14","modified_gmt":"2025-07-23T14:41:14","slug":"lechange-tendu-avec-bruno-retailleau-en-conseil-des-ministres","status":"publish","type":"post","link":"https:\/\/www.europesays.com\/fr\/268230\/","title":{"rendered":"l&rsquo;\u00e9change tendu avec Bruno Retailleau en Conseil des ministres"},"content":{"rendered":"<p class=\"article-p mdl\">Le jour d&rsquo;apr\u00e8s. Au lendemain des d\u00e9clarations de Bruno Retailleau \u00e0 Valeurs actuelles sur la fin du macronisme, Emmanuel Macron et le ministre de l&rsquo;Int\u00e9rieur ont eu un \u00e9change glacial en Conseil des ministres, ce mercredi 23 juillet, selon une information du\u00a0<a class=\"link\" href=\"https:\/\/www.leparisien.fr\/politique\/on-entend-souvent-des-choses-un-peu-simplistes-au-conseil-des-ministres-explication-a-fleuret-mouchete-entre-macron-et-retailleau-23-07-2025-WILYHJHYBFDXVJRQLQCH4N6QQA.php\" target=\"_blank\" rel=\"nofollow noopener\">Parisien<\/a>, confirm\u00e9e par RTL.\u00a0<\/p>\n<p class=\"article-p mdl\">Apr\u00e8s un propos de Fran\u00e7ois Bayrou sur les tensions dans le monde,\u00a0<a class=\"link\" href=\"https:\/\/www.rtl.fr\/sujet\/emmanuel-macron\" target=\"_blank\" rel=\"nofollow noopener\">Emmanuel Macron<\/a>\u00a0s&rsquo;est adress\u00e9 au ministre de l&rsquo;Int\u00e9rieur. Selon plusieurs sources, l\u2019\u00e9change muscl\u00e9 entre le pr\u00e9sident et le locataire de la place Beauvau concernait la situation s\u00e9curitaire dans plusieurs villes de France, notamment \u00e0\u00a0<a class=\"link\" href=\"https:\/\/www.rtl.fr\/actu\/justice-faits-divers\/violences-a-beziers-on-finira-par-trouver-les-responsables-assure-le-prefet-de-l-herault-francois-xavier-lauch-sur-rtl-7900524758\" title=\"Violences \u00e0 B\u00e9ziers : &quot;On finira par trouver les responsables&quot;, assure le pr\u00e9fet de l&#039;H\u00e9rault, Fran\u00e7ois-Xavier Lauch, sur RTL\" target=\"_blank\" rel=\"nofollow noopener\">B\u00e9ziers<\/a>,\u00a0<a class=\"link\" href=\"https:\/\/www.rtl.fr\/actu\/justice-faits-divers\/violences-a-limoges-c-est-de-la-guerilla-urbaine-denonce-le-maire-emile-roger-lombertie-sur-rtl-7900524637\" title=\"Violences \u00e0 Limoges : &quot;C\u2019est de la gu\u00e9rilla urbaine&quot;, d\u00e9nonce le maire, \u00c9mile-Roger Lombertie, sur RTL\" target=\"_blank\" rel=\"nofollow noopener\">Limoges<\/a>\u00a0ou encore\u00a0<a class=\"link\" href=\"https:\/\/www.rtl.fr\/actu\/justice-faits-divers\/nous-n-avons-pas-eu-peur-a-marseille-les-habitants-ont-fait-fuir-les-trafiquants-de-drogue-7900523055\" title=\"&quot;Nous n&#039;avons pas eu peur&quot; : \u00e0 Marseille, les habitants ont fait fuir les trafiquants de drogue\" target=\"_blank\" rel=\"nofollow noopener\">Marseille<\/a>. Emmanuel Macron a, entre autres, rappel\u00e9 le nombre de policiers, en augmentation depuis 2017.<\/p>\n<p class=\"article-p mdl\">Le chef de l&rsquo;\u00c9tat a ensuite d\u00e9clar\u00e9 : \u00ab\u00a0On entend souvent des choses un peu simplistes\u00a0\u00bb. Un message cette fois-ci adress\u00e9 \u00e0 la ministre de l&rsquo;Agriculture Annie Genevard, en premi\u00e8re ligne face \u00e0 la p\u00e9tition contre la\u00a0<a class=\"link\" href=\"https:\/\/www.rtl.fr\/actu\/politique\/loi-duplomb-pesticide-mega-bassines-et-elevages-intensifs-quels-sont-les-points-de-crispation-7900524806\" title=\"Loi Duplomb : pesticide, &quot;m\u00e9ga-bassines&quot; et \u00e9levages intensifs... Quels sont les points de crispation ?\" target=\"_blank\" rel=\"nofollow noopener\">loi Duplomb<\/a>. Les d\u00e9put\u00e9s de gauche ont saisi le Conseil constitutionnel et dans le cas o\u00f9 leur demande est rejet\u00e9e, les \u00e9lus ont demand\u00e9 \u00e0 Emmanuel Macron de\u00a0<a class=\"link\" href=\"https:\/\/www.rtl.fr\/actu\/politique\/loi-duplomb-qu-est-ce-que-l-article-10-de-la-constitution-qui-pourrait-etre-declenche-par-emmanuel-macron-7900524960\" title=\"Loi Duplomb : qu&#039;est-ce que l&#039;article 10 de la Constitution qui pourrait \u00eatre d\u00e9clench\u00e9 par Emmanuel Macron ?\" target=\"_blank\" rel=\"nofollow noopener\">recourir \u00e0 l&rsquo;article 10 de la Constitution<\/a>. Mais l&rsquo;\u00c9lys\u00e9e a fait savoir aupr\u00e8s de l&rsquo;AFP que \u00ab\u00a0le chemin de cette loi n\u2019est pas termin\u00e9 puisque le Conseil constitutionnel a \u00e9t\u00e9 saisi. Le pr\u00e9sident ne peut d\u00e8s lors pas s\u2019exprimer tant que les Sages n\u2019ont pas rendu leur d\u00e9cision\u00a0\u00bb.<\/p>\n<p>    La r\u00e9daction vous recommande<\/p>\n<p class=\"s-newsletter__title\">\n                L\u2019actualit\u00e9 par la r\u00e9daction de RTL dans votre bo\u00eete mail.\n            <\/p>\n<p class=\"s-newsletter__subtitle\">\n                Gr\u00e2ce \u00e0 votre compte RTL abonnez-vous \u00e0 la newsletter RTL info pour suivre toute l&rsquo;actualit\u00e9 au quotidien\n            <\/p>\n<p>\n                                    Lire la suite\n                                <\/p>\n","protected":false},"excerpt":{"rendered":"Le jour d&rsquo;apr\u00e8s. Au lendemain des d\u00e9clarations de Bruno Retailleau \u00e0 Valeurs actuelles sur la fin du macronisme,&hellip;\n","protected":false},"author":2,"featured_media":268231,"comment_status":"","ping_status":"","sticky":false,"template":"","format":"standard","meta":{"footnotes":""},"categories":[2],"tags":[11,1013,1073,107,1011,27,418,12,25],"class_list":{"0":"post-268230","1":"post","2":"type-post","3":"status-publish","4":"format-standard","5":"has-post-thumbnail","7":"category-actualites","8":"tag-actualites","9":"tag-bruno-retailleau","10":"tag-emmanuel-macron","11":"tag-fil-info","12":"tag-fr","13":"tag-france","14":"tag-gouvernement","15":"tag-news","16":"tag-republique-francaise"},"share_on_mastodon":{"url":"https:\/\/pubeurope.com\/@fr\/114903074968971506","error":""},"_links":{"self":[{"href":"https:\/\/www.europesays.com\/fr\/wp-json\/wp\/v2\/posts\/268230","targetHints":{"allow":["GET"]}}],"collection":[{"href":"https:\/\/www.europesays.com\/fr\/wp-json\/wp\/v2\/posts"}],"about":[{"href":"https:\/\/www.europesays.com\/fr\/wp-json\/wp\/v2\/types\/post"}],"author":[{"embeddable":true,"href":"https:\/\/www.europesays.com\/fr\/wp-json\/wp\/v2\/users\/2"}],"replies":[{"embeddable":true,"href":"https:\/\/www.europesays.com\/fr\/wp-json\/wp\/v2\/comments?post=268230"}],"version-history":[{"count":0,"href":"https:\/\/www.europesays.com\/fr\/wp-json\/wp\/v2\/posts\/268230\/revisions"}],"wp:featuredmedia":[{"embeddable":true,"href":"https:\/\/www.europesays.com\/fr\/wp-json\/wp\/v2\/media\/268231"}],"wp:attachment":[{"href":"https:\/\/www.europesays.com\/fr\/wp-json\/wp\/v2\/media?parent=268230"}],"wp:term":[{"taxonomy":"category","embeddable":true,"href":"https:\/\/www.europesays.com\/fr\/wp-json\/wp\/v2\/categories?post=268230"},{"taxonomy":"post_tag","embeddable":true,"href":"https:\/\/www.europesays.com\/fr\/wp-json\/wp\/v2\/tags?post=268230"}],"curies":[{"name":"wp","href":"https:\/\/api.w.org\/{rel}","templated":true}]}}