{"id":268234,"date":"2025-07-23T14:43:12","date_gmt":"2025-07-23T14:43:12","guid":{"rendered":"https:\/\/www.europesays.com\/fr\/268234\/"},"modified":"2025-07-23T14:43:12","modified_gmt":"2025-07-23T14:43:12","slug":"european-young-masters-lequipe-de-france-vise-le-triple-a-la-maison","status":"publish","type":"post","link":"https:\/\/www.europesays.com\/fr\/268234\/","title":{"rendered":"European Young Masters : L&rsquo;\u00e9quipe de France vise le tripl\u00e9 \u00e0 la maison"},"content":{"rendered":"<p>Organis\u00e9 trois ann\u00e9es cons\u00e9cutives en France, en 2007 \u00e0 Bondues, en 2008 \u00e0 Chantilly et en 2009 au Golf National, l&rsquo;<strong>European Young Masters<\/strong> fait cette semaine son retour dans l&rsquo;Hexagone. C&rsquo;est le v\u00e9n\u00e9rable golf du <strong>Racing Club de France<\/strong> \u00e0 <strong>La Boulie<\/strong>, pr\u00e8s de Versailles, qui sert d&rsquo;\u00e9crin \u00e0 la 30e \u00e9dition de ce championnat d&rsquo;Europe par \u00e9quipes r\u00e9serv\u00e9 aux joueurs et joueuses de la cat\u00e9gorie U16.<\/p>\n<p>Durant trois jours, les repr\u00e9sentants de 34 nations vont s&rsquo;affronter sur le parcours de <strong>La Vall\u00e9e<\/strong> (5918 m pour les gar\u00e7ons, 5281 m pour les filles) pour l&rsquo;un des plus prestigieux troph\u00e9es mis en jeu par l&rsquo;<strong>European Golf Association<\/strong> (EGA), la f\u00e9d\u00e9ration europ\u00e9enne de golf.<\/p>\n<p>Trois tours stroke play sont au programme jeudi, vendredi et samedi, \u00e0 l&rsquo;issue desquels seront attribu\u00e9es les m\u00e9dailles individuelles d&rsquo;or, d&rsquo;argent et de bronze dans chaque cat\u00e9gorie. La meilleure nation apr\u00e8s l&rsquo;addition quotidienne des trois meilleures cartes individuelles sera couronn\u00e9e championne d&rsquo;Europe.<\/p>\n","protected":false},"excerpt":{"rendered":"Organis\u00e9 trois ann\u00e9es cons\u00e9cutives en France, en 2007 \u00e0 Bondues, en 2008 \u00e0 Chantilly et en 2009 au&hellip;\n","protected":false},"author":2,"featured_media":268235,"comment_status":"","ping_status":"","sticky":false,"template":"","format":"standard","meta":{"footnotes":""},"categories":[1418],"tags":[1011,27,1472,60],"class_list":{"0":"post-268234","1":"post","2":"type-post","3":"status-publish","4":"format-standard","5":"has-post-thumbnail","7":"category-golf","8":"tag-fr","9":"tag-france","10":"tag-golf","11":"tag-sports"},"share_on_mastodon":{"url":"https:\/\/pubeurope.com\/@fr\/114903082807622495","error":""},"_links":{"self":[{"href":"https:\/\/www.europesays.com\/fr\/wp-json\/wp\/v2\/posts\/268234","targetHints":{"allow":["GET"]}}],"collection":[{"href":"https:\/\/www.europesays.com\/fr\/wp-json\/wp\/v2\/posts"}],"about":[{"href":"https:\/\/www.europesays.com\/fr\/wp-json\/wp\/v2\/types\/post"}],"author":[{"embeddable":true,"href":"https:\/\/www.europesays.com\/fr\/wp-json\/wp\/v2\/users\/2"}],"replies":[{"embeddable":true,"href":"https:\/\/www.europesays.com\/fr\/wp-json\/wp\/v2\/comments?post=268234"}],"version-history":[{"count":0,"href":"https:\/\/www.europesays.com\/fr\/wp-json\/wp\/v2\/posts\/268234\/revisions"}],"wp:featuredmedia":[{"embeddable":true,"href":"https:\/\/www.europesays.com\/fr\/wp-json\/wp\/v2\/media\/268235"}],"wp:attachment":[{"href":"https:\/\/www.europesays.com\/fr\/wp-json\/wp\/v2\/media?parent=268234"}],"wp:term":[{"taxonomy":"category","embeddable":true,"href":"https:\/\/www.europesays.com\/fr\/wp-json\/wp\/v2\/categories?post=268234"},{"taxonomy":"post_tag","embeddable":true,"href":"https:\/\/www.europesays.com\/fr\/wp-json\/wp\/v2\/tags?post=268234"}],"curies":[{"name":"wp","href":"https:\/\/api.w.org\/{rel}","templated":true}]}}