{"id":268236,"date":"2025-07-23T14:44:17","date_gmt":"2025-07-23T14:44:17","guid":{"rendered":"https:\/\/www.europesays.com\/fr\/268236\/"},"modified":"2025-07-23T14:44:17","modified_gmt":"2025-07-23T14:44:17","slug":"digoin-une-nouvelle-association-sportive-vient-detre-lancee","status":"publish","type":"post","link":"https:\/\/www.europesays.com\/fr\/268236\/","title":{"rendered":"Digoin. Une nouvelle association sportive vient d\u2019\u00eatre lanc\u00e9e"},"content":{"rendered":"<p>Depuis mai, une nouvelle association a vu le jour\u00a0: le Sporting Digoin. Port\u00e9e par l\u2019enthousiasme d\u2019un groupe de jeunes, cette association a pour but de pratiquer diff\u00e9rents sports, en particulier le volley-ball. Ouverte \u00e0 tous, la structure mise avant tout sur la convivialit\u00e9 et la pratique en loisir. D\u00e9j\u00e0 une trentaine d\u2019adh\u00e9rents se retrouvent chaque semaine pour partager leur passion dans une ambiance d\u00e9tendue mais dynamique.<\/p>\n<p>\u00ab\u00a0Plus tard, l\u2019objectif est aussi de cr\u00e9er des sorties sportives comme de l\u2019escalade, du cano\u00eb ou de l\u2019accrobranche\u00a0\u00bb, confie Juliano, jeune digoinais \u00e0 l\u2019origine de cette association.<\/p>\n<p>Ce nouveau rendez-vous sportif offre une belle opportunit\u00e9 aux Digoinais de pratiquer de nouveaux sports.<\/p>\n<p class=\"note\">Rendez-vous les lundis et jeudis de 19\u00a0h\u00a030 \u00e0 22\u00a0heures au gymnase municipal de Digoin. Contact par mail\u00a0: sporting.digoin@gmail.com<\/p>\n","protected":false},"excerpt":{"rendered":"Depuis mai, une nouvelle association a vu le jour\u00a0: le Sporting Digoin. Port\u00e9e par l\u2019enthousiasme d\u2019un groupe de&hellip;\n","protected":false},"author":2,"featured_media":268237,"comment_status":"","ping_status":"","sticky":false,"template":"","format":"standard","meta":{"footnotes":""},"categories":[1417],"tags":[40750,40751,3895,107,1011,27,104,60,1631,1470,1469],"class_list":{"0":"post-268236","1":"post","2":"type-post","3":"status-publish","4":"format-standard","5":"has-post-thumbnail","7":"category-volley","8":"tag-digoin","9":"tag-digoin-bassin","10":"tag-edition-charolais-brionnais","11":"tag-fil-info","12":"tag-fr","13":"tag-france","14":"tag-societe","15":"tag-sports","16":"tag-vie-associative","17":"tag-volley","18":"tag-volleyball"},"share_on_mastodon":{"url":"https:\/\/pubeurope.com\/@fr\/114903086848537448","error":""},"_links":{"self":[{"href":"https:\/\/www.europesays.com\/fr\/wp-json\/wp\/v2\/posts\/268236","targetHints":{"allow":["GET"]}}],"collection":[{"href":"https:\/\/www.europesays.com\/fr\/wp-json\/wp\/v2\/posts"}],"about":[{"href":"https:\/\/www.europesays.com\/fr\/wp-json\/wp\/v2\/types\/post"}],"author":[{"embeddable":true,"href":"https:\/\/www.europesays.com\/fr\/wp-json\/wp\/v2\/users\/2"}],"replies":[{"embeddable":true,"href":"https:\/\/www.europesays.com\/fr\/wp-json\/wp\/v2\/comments?post=268236"}],"version-history":[{"count":0,"href":"https:\/\/www.europesays.com\/fr\/wp-json\/wp\/v2\/posts\/268236\/revisions"}],"wp:featuredmedia":[{"embeddable":true,"href":"https:\/\/www.europesays.com\/fr\/wp-json\/wp\/v2\/media\/268237"}],"wp:attachment":[{"href":"https:\/\/www.europesays.com\/fr\/wp-json\/wp\/v2\/media?parent=268236"}],"wp:term":[{"taxonomy":"category","embeddable":true,"href":"https:\/\/www.europesays.com\/fr\/wp-json\/wp\/v2\/categories?post=268236"},{"taxonomy":"post_tag","embeddable":true,"href":"https:\/\/www.europesays.com\/fr\/wp-json\/wp\/v2\/tags?post=268236"}],"curies":[{"name":"wp","href":"https:\/\/api.w.org\/{rel}","templated":true}]}}