{"id":268238,"date":"2025-07-23T14:45:11","date_gmt":"2025-07-23T14:45:11","guid":{"rendered":"https:\/\/www.europesays.com\/fr\/268238\/"},"modified":"2025-07-23T14:45:11","modified_gmt":"2025-07-23T14:45:11","slug":"transferts-pro-d2-brive-officialise-larrivee-de-ben-tapuai-bordeaux-begles","status":"publish","type":"post","link":"https:\/\/www.europesays.com\/fr\/268238\/","title":{"rendered":"Transferts. Pro D2 \u2013 Brive officialise l\u2019arriv\u00e9e de Ben Tapuai (Bordeaux-B\u00e8gles)"},"content":{"rendered":"<p>\n                Brive enregistre avec Ben Tapuai l\u2019arriv\u00e9e d\u2019un trois-quart centre aussi puissant qu\u2019exp\u00e9riment\u00e9 et s\u2019affirme encore un peu plus comme l\u2019un des grands favoris \u00e0 la mont\u00e9e la saison prochaine.\n            <\/p>\n<p>Les <strong><a href=\"https:\/\/www.rugbyrama.fr\/equipe\/ca-brive-correze\/\" target=\"_self\" rel=\"nofollow noopener\">Brivistes<\/a><\/strong> sont en train de se construire une \u00e9quipe taill\u00e9e pour le <strong><a href=\"https:\/\/www.rugbyrama.fr\/rugby-a-xv\/top-14\/\" target=\"_self\" rel=\"nofollow noopener\">Top 14<\/a><\/strong>, et l\u2019arriv\u00e9e de Ben Tapuai va encore un peu plus dans ce sens. Le solide\u00a0trois-quarts centre de 36 ans (1,80\u00a0m, 110\u00a0kg) arrive en provenance de <strong><a href=\"https:\/\/www.rugbyrama.fr\/equipe\/union-bordeaux-begles\/\" target=\"_self\" rel=\"nofollow noopener\">l\u2019Union Bordeaux-B\u00e8gles<\/a><\/strong>, o\u00f9 il a montr\u00e9 qu\u2019il avait encore de beaux restes. Sous les ordres de Yannick Bru la saison derni\u00e8re, il a disput\u00e9 15 matchs, dont 10 en tant que titulaire, rempla\u00e7ant id\u00e9al en l\u2019absence de Yoram Moefan ou Nicolas Depoort\u00e8re.<\/p>\n<blockquote data-class=\"twitter-tweet\">\n<p lang=\"fr\" dir=\"ltr\">????????? ??? ?\ufe0f\u26ab\ufe0f\u26aa\ufe0f<\/p>\n<p>Le CA Brive officialise la signature du centre, ??? ??????, pour la saison 2025-2026.<br \/>Il rejoindra les Noir &amp; Blanc au stage de pr\u00e9-saison \u00e0 Saint-Lary-Soulan.<\/p>\n<p>? <a href=\"https:\/\/t.co\/ZSDz7fXqBK\" rel=\"nofollow\">https:\/\/t.co\/ZSDz7fXqBK<\/a> <a href=\"https:\/\/t.co\/q7Wb1V1B0z\" rel=\"nofollow\">pic.twitter.com\/q7Wb1V1B0z<\/a><\/p>\n<p>\u2014 CA Brive Rugby (@CABCLRUGBY) <a href=\"https:\/\/twitter.com\/CABCLRUGBY\/status\/1948007147788292181?ref_src=twsrc%5Etfw\" rel=\"nofollow noopener\" target=\"_blank\">July 23, 2025<\/a><\/p><\/blockquote>\n<p>L\u2019international Australien (7 s\u00e9lections) s\u2019est engag\u00e9 pour une seule saison, avant de voir s\u2019il souhaite poursuivre sa carri\u00e8re et convaincre Pierre-Henry Broncan et son staff. Apr\u00e8s une saison 2024-2025 d\u00e9cevante, conclue par une terrible d\u00e9sillusion contre <strong><a href=\"https:\/\/www.rugbyrama.fr\/equipe\/us-montalbanaise\/\" target=\"_self\" rel=\"nofollow noopener\">Montauban<\/a><\/strong> en demi-finale \u00e0 domicile, les Corr\u00e9ziens se donnent les moyens de faire mieux lors du prochain exercice.<\/p>\n<p>                    <script async src=\"https:\/\/platform.twitter.com\/widgets.js\" charset=\"utf-8\"><\/script><\/p>\n","protected":false},"excerpt":{"rendered":"Brive enregistre avec Ben Tapuai l\u2019arriv\u00e9e d\u2019un trois-quart centre aussi puissant qu\u2019exp\u00e9riment\u00e9 et s\u2019affirme encore un peu plus&hellip;\n","protected":false},"author":2,"featured_media":268239,"comment_status":"","ping_status":"","sticky":false,"template":"","format":"standard","meta":{"footnotes":""},"categories":[1416],"tags":[1011,27,479,1468,60],"class_list":{"0":"post-268238","1":"post","2":"type-post","3":"status-publish","4":"format-standard","5":"has-post-thumbnail","7":"category-rugby","8":"tag-fr","9":"tag-france","10":"tag-rugby","11":"tag-rugby-football","12":"tag-sports"},"share_on_mastodon":{"url":"https:\/\/pubeurope.com\/@fr\/114903090755951613","error":""},"_links":{"self":[{"href":"https:\/\/www.europesays.com\/fr\/wp-json\/wp\/v2\/posts\/268238","targetHints":{"allow":["GET"]}}],"collection":[{"href":"https:\/\/www.europesays.com\/fr\/wp-json\/wp\/v2\/posts"}],"about":[{"href":"https:\/\/www.europesays.com\/fr\/wp-json\/wp\/v2\/types\/post"}],"author":[{"embeddable":true,"href":"https:\/\/www.europesays.com\/fr\/wp-json\/wp\/v2\/users\/2"}],"replies":[{"embeddable":true,"href":"https:\/\/www.europesays.com\/fr\/wp-json\/wp\/v2\/comments?post=268238"}],"version-history":[{"count":0,"href":"https:\/\/www.europesays.com\/fr\/wp-json\/wp\/v2\/posts\/268238\/revisions"}],"wp:featuredmedia":[{"embeddable":true,"href":"https:\/\/www.europesays.com\/fr\/wp-json\/wp\/v2\/media\/268239"}],"wp:attachment":[{"href":"https:\/\/www.europesays.com\/fr\/wp-json\/wp\/v2\/media?parent=268238"}],"wp:term":[{"taxonomy":"category","embeddable":true,"href":"https:\/\/www.europesays.com\/fr\/wp-json\/wp\/v2\/categories?post=268238"},{"taxonomy":"post_tag","embeddable":true,"href":"https:\/\/www.europesays.com\/fr\/wp-json\/wp\/v2\/tags?post=268238"}],"curies":[{"name":"wp","href":"https:\/\/api.w.org\/{rel}","templated":true}]}}