{"id":268240,"date":"2025-07-23T14:46:11","date_gmt":"2025-07-23T14:46:11","guid":{"rendered":"https:\/\/www.europesays.com\/fr\/268240\/"},"modified":"2025-07-23T14:46:11","modified_gmt":"2025-07-23T14:46:11","slug":"jessika-ponchet-rallie-les-quarts-a-prague-leolia-jeanjean-sarrete-au-2e-tour-lequipe","status":"publish","type":"post","link":"https:\/\/www.europesays.com\/fr\/268240\/","title":{"rendered":"Jessika Ponchet rallie les quarts \u00e0 Prague, L\u00e9olia Jeanjean s&#039;arr\u00eate au 2e tour &#8211; L&#039;\u00c9quipe"},"content":{"rendered":"<ol>\n<li><a href=\"https:\/\/news.google.com\/rss\/articles\/CBMixgFBVV95cUxNSENuY01NbUx4ZzQ1SEdiM0VRUi1OUjVPSlZERzRLRFkxc3EzSVBaRnktcmwtczFtcDNVakdRcUlNWnlhZWxGMUpTaFZkMDJlc0E5NVBvQlNCdTZINWh4Qk9wY1d0OFdPcENSNDVtLWpTZUsxUHR5UUZKN21sSXlNVTh3OVBHMGluSEV0NEZkSkFuZ1VYd1M3MG5yVm8weWpkV3J5Q1ZUQWNGZDRSVTlodS04ckxXQ2hWYmttQmlYY1BhNjhfVkE?oc=5\" target=\"_blank\" rel=\"nofollow noopener\">Jessika Ponchet rallie les quarts \u00e0 Prague, L\u00e9olia Jeanjean s&rsquo;arr\u00eate au 2e tour<\/a>&nbsp;&nbsp;L&rsquo;\u00c9quipe<\/li>\n<li><a href=\"https:\/\/news.google.com\/rss\/articles\/CBMirgFBVV95cUxPVjh6MkdPMldaWlR6emh0WTNlSy0xTHVLTEdHU3VaZUtJY3k1WDdyVld5REhraVZ2RExaN3BDa01TcTlJZVJCZjVuM0ZxaDhQaEE1VFFMdVR4cGdleHYwUEo4bXU5ZzBwMVJPNkU1QUs5Sk5XMWp5UlljUm1jeUJROUN6ZDV6YkVWV2trNE9LbW8xaFhXU2xXOWJMME5OUi1tWG9vTkZycHVWU3Y4TEHSAawBQVVfeXFMUF9uY1diczlJSThya1NBTzdUSnhLSWEyb19FWE1kTFdUaVdLTlY1ZHJRY2t5TnhveUFUTm5reEFqel9WMUxVZ0FGTWJNdGs5YUtiUDRfS1V1Tnc4dHJ2dmpiTFc4MEI2Wm5ENVl0UFF2MWJkaXl2RklQVF9ZVWZlbVZiaERUejNxMHduYlRLem1vNDI0TjcxUWEya2d5dkdZb3owQi0yWUlDa182OQ?oc=5\" target=\"_blank\" rel=\"nofollow noopener\">WTA &#8211; Prague : Jeanjean et Ponchet au rendez-vous<\/a>&nbsp;&nbsp;Orange Actualit\u00e9s | Sports<\/li>\n<li><a href=\"https:\/\/news.google.com\/rss\/articles\/CBMitwFBVV95cUxPUkNmb3ZoYXJmRUR5Sml6UmluTWVncnVNb05kZW1TeDdfUXcwRkZsbDVjWU5Ec0lMdWVZeXNkMHV1WjZSZnpGZy1Pd3puVVoyMkdTUXNCMjdSRmNFV0haeXg0dGNFTmdLM3VXdnRoNWFjdUFQZzZ3azNkS1FiTXUzOVViOXJhQ0U3UU5YREJ4bllLeWRBV2hLSjRuZjFuM2lkdnl3NjR5c2p4cl8ySks4OG5KTWdicVk?oc=5\" target=\"_blank\" rel=\"nofollow noopener\">Tennis : Jeanjean et Ponchet r\u00e9ussissent leurs entr\u00e9es en lice \u00e0 Prague<\/a>&nbsp;&nbsp;Le Figaro<\/li>\n<li><a href=\"https:\/\/news.google.com\/rss\/articles\/CBMinAFBVV95cUxQWlRPWk9NNjlabllmRGoyWEVFLUVOdTFqUXk4OFNJX0I1T0ZTNWpDTTgwVGVGaE9tWWVnQnhuYW5zb2h0elVLX05CN3U0VnJCaEJPQVZvLVpzQ084ZjhjMU9tVGZ1NlVXYVVsWjVDTUpJOWtHSEw5VzBKZlYzX2RPVmpTMzdDMkx5NkkyaF9xa1RnZ0c5R2JKQ21iei0?oc=5\" target=\"_blank\" rel=\"nofollow noopener\">WTA Prague : Le tableau et les r\u00e9sultats en direct<\/a>&nbsp;&nbsp;Ski-nordique<\/li>\n<li><a href=\"https:\/\/news.google.com\/rss\/articles\/CBMi7wFBVV95cUxPbHRWcWFOMjdMYmJhLUJYWXhiMExuekZLSnU5aC1SdEdoNTZZekVvaldxckhWM3luN212ODRydVZUUFRlcUptcG9zakIzaC1EVjd4MTF4aU9oM0J3YnU2MmhmY0doOXAyeXk4eHUwUGxEazljZTFmVE53aGJwYWh3ZWhITEt0am5oTjAyem10SW5DM3gzVWY4Q1l5V1pScFViVVEtRnBuZEhfakFxSXF1MmlsRFkwODVZTWVJWFZXSFlJaDl1SlVhSzJtbGd5R3liNlUydUlrVDdfcHNfOTFnRHpxQTUxM2trel82TTYwRQ?oc=5\" target=\"_blank\" rel=\"nofollow noopener\">Tennis. Jeanjean et Ponchet qualifi\u00e9es pour le deuxi\u00e8me tour du WTA 250 de Prague<\/a>&nbsp;&nbsp;Ouest-France<\/li>\n<\/ol>\n","protected":false},"excerpt":{"rendered":"Jessika Ponchet rallie les quarts \u00e0 Prague, L\u00e9olia Jeanjean s&rsquo;arr\u00eate au 2e tour&nbsp;&nbsp;L&rsquo;\u00c9quipe WTA &#8211; Prague : Jeanjean&hellip;\n","protected":false},"author":2,"featured_media":268241,"comment_status":"","ping_status":"","sticky":false,"template":"","format":"standard","meta":{"footnotes":""},"categories":[1415],"tags":[1011,27,60,1467],"class_list":{"0":"post-268240","1":"post","2":"type-post","3":"status-publish","4":"format-standard","5":"has-post-thumbnail","7":"category-tennis","8":"tag-fr","9":"tag-france","10":"tag-sports","11":"tag-tennis"},"share_on_mastodon":{"url":"https:\/\/pubeurope.com\/@fr\/114903094602854013","error":""},"_links":{"self":[{"href":"https:\/\/www.europesays.com\/fr\/wp-json\/wp\/v2\/posts\/268240","targetHints":{"allow":["GET"]}}],"collection":[{"href":"https:\/\/www.europesays.com\/fr\/wp-json\/wp\/v2\/posts"}],"about":[{"href":"https:\/\/www.europesays.com\/fr\/wp-json\/wp\/v2\/types\/post"}],"author":[{"embeddable":true,"href":"https:\/\/www.europesays.com\/fr\/wp-json\/wp\/v2\/users\/2"}],"replies":[{"embeddable":true,"href":"https:\/\/www.europesays.com\/fr\/wp-json\/wp\/v2\/comments?post=268240"}],"version-history":[{"count":0,"href":"https:\/\/www.europesays.com\/fr\/wp-json\/wp\/v2\/posts\/268240\/revisions"}],"wp:featuredmedia":[{"embeddable":true,"href":"https:\/\/www.europesays.com\/fr\/wp-json\/wp\/v2\/media\/268241"}],"wp:attachment":[{"href":"https:\/\/www.europesays.com\/fr\/wp-json\/wp\/v2\/media?parent=268240"}],"wp:term":[{"taxonomy":"category","embeddable":true,"href":"https:\/\/www.europesays.com\/fr\/wp-json\/wp\/v2\/categories?post=268240"},{"taxonomy":"post_tag","embeddable":true,"href":"https:\/\/www.europesays.com\/fr\/wp-json\/wp\/v2\/tags?post=268240"}],"curies":[{"name":"wp","href":"https:\/\/api.w.org\/{rel}","templated":true}]}}